{"id":15582,"date":"2026-02-26T19:26:14","date_gmt":"2026-02-26T22:26:14","guid":{"rendered":"https:\/\/jeffersonisac.adv.br\/index.php\/2026\/02\/26\/comissao-aprova-novas-regras-para-atendimento-de-saude-a-presos-e-uso-de-telemedicina\/"},"modified":"2026-02-26T19:26:14","modified_gmt":"2026-02-26T22:26:14","slug":"comissao-aprova-novas-regras-para-atendimento-de-saude-a-presos-e-uso-de-telemedicina","status":"publish","type":"post","link":"https:\/\/jeffersonisac.adv.br\/index.php\/2026\/02\/26\/comissao-aprova-novas-regras-para-atendimento-de-saude-a-presos-e-uso-de-telemedicina\/","title":{"rendered":"Comiss\u00e3o aprova novas regras para atendimento de sa\u00fade a presos e uso de telemedicina"},"content":{"rendered":"<div class=\"image-container\">\n<div class=\"midia-creditos\"><em>Bruno Spada\/C\u00e2mara dos Deputados<\/em><\/div>\n<div class=\"media-wrapper\"><\/div>\n<div class=\"midia-legenda\">Texto aprovado \u00e9 a nova vers\u00e3o da relatora, Adriana Ventura<\/div>\n<\/div>\n<p>A Comiss\u00e3o de Sa\u00fade da C\u00e2mara dos Deputados aprovou projeto de lei que regulamenta a assist\u00eancia integral \u00e0 sa\u00fade de presos, priorizando o uso da telessa\u00fade e o atendimento dentro das unidades prisionais.<\/p>\n<p>O <a href=\"https:\/\/www.camara.leg.br\/proposicoesWeb\/prop_mostrarintegra?codteor=3061593&amp;filename=Parecer-CSAUDE-2025-12-05\">texto aprovado<\/a> atualiza a <a href=\"https:\/\/www2.camara.leg.br\/legin\/fed\/lei\/1980-1987\/lei-7210-11-julho-1984-356938-norma-pl.html\">Lei de Execu\u00e7\u00e3o Penal<\/a> para prever o uso de novas tecnologias de telemedicina e garantir que o deslocamento dos presos ocorra apenas quando os recursos locais forem insuficientes.<\/p>\n<p>Pela proposta, atendimentos externos que n\u00e3o sejam de urg\u00eancia ou emerg\u00eancia dever\u00e3o ser previamente agendados, seguindo as mesmas regras de regula\u00e7\u00e3o aplicadas aos demais cidad\u00e3os. J\u00e1 nos casos de urg\u00eancia, o atendimento seguir\u00e1 protocolos de estratifica\u00e7\u00e3o de risco e ordem de chegada, sem privil\u00e9gios para o apenado.<\/p>\n<p>O projeto tamb\u00e9m assegura assist\u00eancia humanizada \u00e0 gestante e garante \u00e0 crian\u00e7a em ber\u00e7\u00e1rio prisional o acesso a pol\u00edticas p\u00fablicas como vacina\u00e7\u00e3o e triagem neonatal. O texto estabelece que o descumprimento injustificado de orienta\u00e7\u00f5es de sa\u00fade por parte da mulher em rela\u00e7\u00e3o \u00e0 crian\u00e7a sob seu cuidado passar\u00e1 a ser considerado falta grave.<\/p>\n<p><strong>Alta periculosidade<\/strong><br \/>\nPara presos de alta periculosidade, a dire\u00e7\u00e3o do pres\u00eddio poder\u00e1 solicitar medidas especiais de seguran\u00e7a nos estabelecimentos de sa\u00fade, como acessos diferenciados e salas de espera espec\u00edficas, para reduzir riscos \u00e0 popula\u00e7\u00e3o e aos profissionais.<\/p>\n<p>A relatora, deputada Adriana Ventura (Novo-SP), destacou que a medida, prevista orginalmente no Projeto de Lei 2560\/15, do deputado Jo\u00e3o Campos (Republicanos-GO), busca efici\u00eancia e seguran\u00e7a, reduzindo gastos com escoltas e o tempo de perman\u00eancia do preso fora do ambiente prisional.<\/p>\n<p>A vers\u00e3o aprovada \u00e9 o <span class=\"termoGlossario\">substitutivo<\/span> da relatora, que incluiu medidas espec\u00edficas para pr\u00e9-natal e sa\u00fade da mulher e para casos excepcionais de presos de alta periculosidade.<\/p>\n<p>\u201cA telemedicina apresenta-se como alternativa, desde que haja recursos tecnol\u00f3gicos adequados\u201d, afirmou a parlamentar, ressaltando ainda que o atendimento deve ocorrer nos mesmos moldes aplicados a qualquer cidad\u00e3o que recorre ao Sistema \u00danico de Sa\u00fade (SUS).<\/p>\n<p><strong>Pr\u00f3ximas etapas<br \/>\n<\/strong>A proposta ser\u00e1 ainda analisada, em <span class=\"termoGlossario\">car\u00e1ter conclusivo<\/span>, pelas comiss\u00f5es de Seguran\u00e7a P\u00fablica e Combate ao Crime Organizado; e de Constitui\u00e7\u00e3o e Justi\u00e7a e de Cidadania.<\/p>\n<p>Para virar lei, o texto deve ser aprovado pela C\u00e2mara e pelo Senado.<\/p>\n<p><a href=\"https:\/\/www.camara.leg.br\/noticias\/573454-SAIBA-MAIS-SOBRE-A-TRAMITACAO-DE-PROJETOS-DE-LEI\">Saiba mais sobre a tramita\u00e7\u00e3o de projetos de lei<\/a><\/p>","protected":false},"excerpt":{"rendered":"<p>Bruno Spada\/C\u00e2mara dos Deputados Texto aprovado \u00e9 a nova vers\u00e3o da relatora, Adriana Ventura A Comiss\u00e3o de Sa\u00fade da C\u00e2mara dos Deputados aprovou projeto de lei que regulamenta a assist\u00eancia integral \u00e0 sa\u00fade de presos, priorizando o uso da telessa\u00fade e o atendimento dentro das unidades prisionais. O texto aprovado atualiza a Lei de Execu\u00e7\u00e3o [&hellip;]<\/p>\n","protected":false},"author":0,"featured_media":0,"comment_status":"open","ping_status":"open","sticky":false,"template":"","format":"standard","meta":{"footnotes":""},"categories":[1],"tags":[],"_links":{"self":[{"href":"https:\/\/jeffersonisac.adv.br\/index.php\/wp-json\/wp\/v2\/posts\/15582"}],"collection":[{"href":"https:\/\/jeffersonisac.adv.br\/index.php\/wp-json\/wp\/v2\/posts"}],"about":[{"href":"https:\/\/jeffersonisac.adv.br\/index.php\/wp-json\/wp\/v2\/types\/post"}],"replies":[{"embeddable":true,"href":"https:\/\/jeffersonisac.adv.br\/index.php\/wp-json\/wp\/v2\/comments?post=15582"}],"version-history":[{"count":0,"href":"https:\/\/jeffersonisac.adv.br\/index.php\/wp-json\/wp\/v2\/posts\/15582\/revisions"}],"wp:attachment":[{"href":"https:\/\/jeffersonisac.adv.br\/index.php\/wp-json\/wp\/v2\/media?parent=15582"}],"wp:term":[{"taxonomy":"category","embeddable":true,"href":"https:\/\/jeffersonisac.adv.br\/index.php\/wp-json\/wp\/v2\/categories?post=15582"},{"taxonomy":"post_tag","embeddable":true,"href":"https:\/\/jeffersonisac.adv.br\/index.php\/wp-json\/wp\/v2\/tags?post=15582"}],"curies":[{"name":"wp","href":"https:\/\/api.w.org\/{rel}","templated":true}]}}