{"id":15586,"date":"2026-02-27T10:24:31","date_gmt":"2026-02-27T13:24:31","guid":{"rendered":"https:\/\/jeffersonisac.adv.br\/index.php\/2026\/02\/27\/deputado-diz-que-bancada-mineira-pode-articular-recursos-no-orcamento-apos-chuvas-em-mg-ouca-a-entrevista\/"},"modified":"2026-02-27T10:24:31","modified_gmt":"2026-02-27T13:24:31","slug":"deputado-diz-que-bancada-mineira-pode-articular-recursos-no-orcamento-apos-chuvas-em-mg-ouca-a-entrevista","status":"publish","type":"post","link":"https:\/\/jeffersonisac.adv.br\/index.php\/2026\/02\/27\/deputado-diz-que-bancada-mineira-pode-articular-recursos-no-orcamento-apos-chuvas-em-mg-ouca-a-entrevista\/","title":{"rendered":"Deputado diz que bancada mineira pode articular recursos no Or\u00e7amento ap\u00f3s chuvas em MG; ou\u00e7a a entrevista"},"content":{"rendered":"<div class=\"video-container youtube youtube-100\">\n<div class=\"midia-creditos\"><em>YouTube<\/em><\/div>\n\n<div class=\"midia-legenda\"><\/div>\n<\/div>\n<p>\u00a0<\/p>\n<p>\u00a0<\/p>\n<p><span>O coordenador da bancada mineira na C\u00e2mara, deputado Igor Timo (PSD-MG), disse nesta quinta-feira (26), em entrevista \u00e0\u00a0<em>R\u00e1dio C\u00e2mara<\/em>, que o grupo se mobilizar\u00e1 para ajudar munic\u00edpios atingidos pelas fortes chuvas na Zona da Mata, em Minas Gerais.<\/span><\/p>\n<p>O n\u00famero de mortos j\u00e1 passava de 50 nesta quinta. A maioria (47) na cidade de Juiz de Fora. H\u00e1 mortos e desaparecidos tamb\u00e9m em Ub\u00e1.<\/p>\n<p>Chuvas fortes foram registradas tamb\u00e9m nas cidades mineiras de Senador Firmino e Matias Barbosa. Mais de 3000 pessoas est\u00e3o desabrigadas. E as tempestades continuam na regi\u00e3o.<\/p>\n<p>Segundo Igor Timo, a bancada mineira pode atuar na destina\u00e7\u00e3o de emendas parlamentares ao Or\u00e7amento para obras de drenagem e planos de seguran\u00e7a, por exemplo.<\/p>\n<p><a href=\"https:\/\/www.camara.leg.br\/radio\/402-painel-eletronico\/\">Ou\u00e7a a entrevista de Igor Timo \u00e0 <em>R\u00e1dio C\u00e2mara<\/em><\/a><\/p>\n<p><strong>Desastre repetido<br \/>\n<\/strong>Timo disse que essa situa\u00e7\u00e3o n\u00e3o \u00e9 surpresa. &#8220;Nos \u00faltimos cinco anos, \u00e9 a terceira vez que temos situa\u00e7\u00f5es como essa. E nos traz uma preocupa\u00e7\u00e3o, de fato, de como as pol\u00edticas p\u00fablicas est\u00e3o sendo desenvolvidas no nosso estado\u201d, criticou.<\/p>\n<p>O deputado quer reunir a bancada para discutir a indica\u00e7\u00e3o de recursos no Or\u00e7amento. &#8220;Para que todos os munic\u00edpios que tenham esse hist\u00f3rico de vir sofrendo cat\u00e1strofes, situa\u00e7\u00f5es de enchente, possam ter, no m\u00ednimo, um plano de seguran\u00e7a feito juntamente com a Defesa Civil e com o Corpo de Bombeiros, para, de forma eficiente, encontrar solu\u00e7\u00f5es em situa\u00e7\u00f5es como essa\u201d, completou o deputado.<\/p>\n<p>Medidas anunciadas<br \/>\nO governo federal anunciou o envio de R$ 800 por pessoa desabrigada, repassados pelas prefeituras de 18 munic\u00edpios.<\/p>\n<p>Haver\u00e1 tamb\u00e9m a antecipa\u00e7\u00e3o do Bolsa Fam\u00edlia e do Benef\u00edcio de Presta\u00e7\u00e3o Continuada (<span class=\"termoGlossario\">BPC<\/span>) nos locais atingidos.<\/p>\n<p>A prefeitura de Juiz de Fora informou que militares do Ex\u00e9rcito refor\u00e7ar\u00e3o o atendimento \u00e0s v\u00edtimas. E o governo de Minas Gerais divulgou a antecipa\u00e7\u00e3o de verbas previstas para o pr\u00f3ximo ano aos munic\u00edpios de Juiz de Fora e de Ub\u00e1.<\/p>","protected":false},"excerpt":{"rendered":"<p>YouTube \u00a0 \u00a0 O coordenador da bancada mineira na C\u00e2mara, deputado Igor Timo (PSD-MG), disse nesta quinta-feira (26), em entrevista \u00e0\u00a0R\u00e1dio C\u00e2mara, que o grupo se mobilizar\u00e1 para ajudar munic\u00edpios atingidos pelas fortes chuvas na Zona da Mata, em Minas Gerais. O n\u00famero de mortos j\u00e1 passava de 50 nesta quinta. A maioria (47) na [&hellip;]<\/p>\n","protected":false},"author":0,"featured_media":0,"comment_status":"open","ping_status":"open","sticky":false,"template":"","format":"standard","meta":{"footnotes":""},"categories":[1],"tags":[],"_links":{"self":[{"href":"https:\/\/jeffersonisac.adv.br\/index.php\/wp-json\/wp\/v2\/posts\/15586"}],"collection":[{"href":"https:\/\/jeffersonisac.adv.br\/index.php\/wp-json\/wp\/v2\/posts"}],"about":[{"href":"https:\/\/jeffersonisac.adv.br\/index.php\/wp-json\/wp\/v2\/types\/post"}],"replies":[{"embeddable":true,"href":"https:\/\/jeffersonisac.adv.br\/index.php\/wp-json\/wp\/v2\/comments?post=15586"}],"version-history":[{"count":0,"href":"https:\/\/jeffersonisac.adv.br\/index.php\/wp-json\/wp\/v2\/posts\/15586\/revisions"}],"wp:attachment":[{"href":"https:\/\/jeffersonisac.adv.br\/index.php\/wp-json\/wp\/v2\/media?parent=15586"}],"wp:term":[{"taxonomy":"category","embeddable":true,"href":"https:\/\/jeffersonisac.adv.br\/index.php\/wp-json\/wp\/v2\/categories?post=15586"},{"taxonomy":"post_tag","embeddable":true,"href":"https:\/\/jeffersonisac.adv.br\/index.php\/wp-json\/wp\/v2\/tags?post=15586"}],"curies":[{"name":"wp","href":"https:\/\/api.w.org\/{rel}","templated":true}]}}