{"id":15587,"date":"2026-02-27T11:25:05","date_gmt":"2026-02-27T14:25:05","guid":{"rendered":"https:\/\/jeffersonisac.adv.br\/index.php\/2026\/02\/27\/comissao-mista-que-analisa-mudancas-no-seguro-defeso-ouvira-representantes-dos-pescadores-participe\/"},"modified":"2026-02-27T11:25:05","modified_gmt":"2026-02-27T14:25:05","slug":"comissao-mista-que-analisa-mudancas-no-seguro-defeso-ouvira-representantes-dos-pescadores-participe","status":"publish","type":"post","link":"https:\/\/jeffersonisac.adv.br\/index.php\/2026\/02\/27\/comissao-mista-que-analisa-mudancas-no-seguro-defeso-ouvira-representantes-dos-pescadores-participe\/","title":{"rendered":"Comiss\u00e3o mista que analisa mudan\u00e7as no seguro-defeso ouvir\u00e1 representantes dos pescadores; participe"},"content":{"rendered":"<div class=\"image-container\">\n<div class=\"midia-creditos\"><em>Gustavo Vara\/Prefeitura de Pelotas-RS<\/em><\/div>\n<div class=\"media-wrapper\"><\/div>\n<div class=\"midia-legenda\">Seguro \u00e9 pago durante o per\u00edodo em que a pesca \u00e9 proibida<\/div>\n<\/div>\n<p>A <span class=\"termoGlossario\">comiss\u00e3o mista<\/span> que analisa a <span class=\"termoGlossario\">medida provis\u00f3ria<\/span> que muda as regras do seguro-defeso (<a class=\"linkProposicao\" href=\"https:\/\/www.camara.leg.br\/noticias\/1219454-mp-1323-25-mp-vincula-pagamento-de-seguro-defeso-a-dados-biometricos-de-pescadores\">MP 1323\/25<\/a>) realiza audi\u00eancia p\u00fablica na pr\u00f3xima ter\u00e7a-feira (3) com representantes dos pescadores.<\/p>\n<p>O debate ser\u00e1 interativo e est\u00e1 marcado para as 14 horas, no plen\u00e1rio 2 da ala Nilo Coelho, no Senado.<\/p>\n<p><a href=\"https:\/\/www12.senado.leg.br\/ecidadania\/visualizacaoaudiencia?id=37729\">Veja quem foi convidado e envie suas perguntas<\/a><\/p>\n<p><strong>A MP<\/strong><br \/>\nEm vigor desde 5 de novembro de 2025, a MP transferiu do INSS para o Minist\u00e9rio do Trabalho a responsabilidade de processar os pedidos do seguro. Tamb\u00e9m aumentou as exig\u00eancias para o procedimento. Os pescadores benefici\u00e1rios dever\u00e3o:<\/p>\n<p>ser inscritos no Cadastro \u00danico para Programas Sociais (<span class=\"termoGlossario\">Cad\u00danico<\/span>),<br \/>\nfornecer dados biom\u00e9tricos de modo a evitar fraudes; e<br \/>\natender a novos requisitos para concess\u00e3o e manuten\u00e7\u00e3o do benef\u00edcio.<\/p>\n<p><strong>A comiss\u00e3o<\/strong><br \/>\nA comiss\u00e3o mista foi instalada em 3 de fevereiro, \u00e9 presidida pelo deputado Josenildo (PDT-AP) e tem como relator o senador Beto Faro (PT-PA) e como relator-revisor o deputado Sidney Leite (PSD-AM).<\/p>\n<p>De acordo com o plano de trabalho da comiss\u00e3o, a leitura do relat\u00f3rio final est\u00e1 prevista para 10 de mar\u00e7o.<\/p>\n<p>\u00a0<\/p>\n<div><\/div>\n<p>\u00a0<\/p>","protected":false},"excerpt":{"rendered":"<p>Gustavo Vara\/Prefeitura de Pelotas-RS Seguro \u00e9 pago durante o per\u00edodo em que a pesca \u00e9 proibida A comiss\u00e3o mista que analisa a medida provis\u00f3ria que muda as regras do seguro-defeso (MP 1323\/25) realiza audi\u00eancia p\u00fablica na pr\u00f3xima ter\u00e7a-feira (3) com representantes dos pescadores. O debate ser\u00e1 interativo e est\u00e1 marcado para as 14 horas, no [&hellip;]<\/p>\n","protected":false},"author":0,"featured_media":0,"comment_status":"open","ping_status":"open","sticky":false,"template":"","format":"standard","meta":{"footnotes":""},"categories":[1],"tags":[],"_links":{"self":[{"href":"https:\/\/jeffersonisac.adv.br\/index.php\/wp-json\/wp\/v2\/posts\/15587"}],"collection":[{"href":"https:\/\/jeffersonisac.adv.br\/index.php\/wp-json\/wp\/v2\/posts"}],"about":[{"href":"https:\/\/jeffersonisac.adv.br\/index.php\/wp-json\/wp\/v2\/types\/post"}],"replies":[{"embeddable":true,"href":"https:\/\/jeffersonisac.adv.br\/index.php\/wp-json\/wp\/v2\/comments?post=15587"}],"version-history":[{"count":0,"href":"https:\/\/jeffersonisac.adv.br\/index.php\/wp-json\/wp\/v2\/posts\/15587\/revisions"}],"wp:attachment":[{"href":"https:\/\/jeffersonisac.adv.br\/index.php\/wp-json\/wp\/v2\/media?parent=15587"}],"wp:term":[{"taxonomy":"category","embeddable":true,"href":"https:\/\/jeffersonisac.adv.br\/index.php\/wp-json\/wp\/v2\/categories?post=15587"},{"taxonomy":"post_tag","embeddable":true,"href":"https:\/\/jeffersonisac.adv.br\/index.php\/wp-json\/wp\/v2\/tags?post=15587"}],"curies":[{"name":"wp","href":"https:\/\/api.w.org\/{rel}","templated":true}]}}