{"id":15588,"date":"2026-02-27T11:25:05","date_gmt":"2026-02-27T14:25:05","guid":{"rendered":"https:\/\/jeffersonisac.adv.br\/index.php\/2026\/02\/27\/cpmi-do-inss-ouve-presidente-da-dataprev-na-segunda-feira\/"},"modified":"2026-02-27T11:25:05","modified_gmt":"2026-02-27T14:25:05","slug":"cpmi-do-inss-ouve-presidente-da-dataprev-na-segunda-feira","status":"publish","type":"post","link":"https:\/\/jeffersonisac.adv.br\/index.php\/2026\/02\/27\/cpmi-do-inss-ouve-presidente-da-dataprev-na-segunda-feira\/","title":{"rendered":"CPMI do INSS ouve presidente da Dataprev na segunda-feira"},"content":{"rendered":"<div class=\"image-container\">\n<div class=\"midia-creditos\"><em>Kayo Magalh\u00e3es \/ C\u00e2mara dos Deputados<\/em><\/div>\n<div class=\"media-wrapper\"><\/div>\n<div class=\"midia-legenda\">Carlos Viana: Dataprev pode ter favorecido fraudes no INSS<\/div>\n<\/div>\n<p>A <span class=\"termoGlossario\">CPMI<\/span> do INSS ouvir\u00e1 o presidente da Empresa de Processamento de Dados da Previd\u00eancia Social (Dataprev), Rodrigo Ortiz D&#8217;Avila Assump\u00e7\u00e3o, na segunda-feira (2), a partir das 16 horas.<\/p>\n<p>A ex-secret\u00e1ria de Ant\u00f4nio Carlos Camilo Antunes \u2013 o &#8220;Careca do INSS&#8221; \u2013 Aline Barbara Mota de S\u00e1 Cabral e o advogado Cec\u00edlio Galv\u00e3o tamb\u00e9m falar\u00e3o aos parlamentares na reuni\u00e3o.<\/p>\n<p>O presidente da CPMI, senador Carlos Viana (Podemos-MG), afirmou que h\u00e1 ind\u00edcios de falhas na Dataprev, estatal que presta servi\u00e7os ao INSS, que \u201cpodem ter favorecido fraudes\u201d (<a href=\"https:\/\/www2.camara.leg.br\/noticias\/arquivos\/2026\/02\/27\/doc-sf259720390005-20250820.pdf\">REQ 440\/25<\/a>).<\/p>\n<p>Por sua vez, Cec\u00edlio Galv\u00e3o foi convocado para esclarecer supostos contratos milion\u00e1rios com associa\u00e7\u00f5es investigadas nos desvios dos aposentados, conforme o deputado Alfredo Gaspar (Uni\u00e3o-AL), relator da CPMI (<a href=\"https:\/\/www2.camara.leg.br\/noticias\/arquivos\/2026\/02\/27\/doc-cd251621241700-20251130.pdf\">REQ 2787\/25<\/a>).<\/p>\n<p>O relator tamb\u00e9m quer Aline Cabral explique a din\u00e2mica das empresas do &#8220;Careca do INSS&#8221; (<a href=\"https:\/\/www2.camara.leg.br\/noticias\/arquivos\/2026\/02\/27\/doc-cd259444684400-20250923.pdf\">REQ 1955\/25<\/a>). O empres\u00e1rio \u00e9 investigado por articular associa\u00e7\u00f5es e sindicatos com servidores do poder p\u00fablico no esquema que realizou descontos de aposentadorias sem autoriza\u00e7\u00e3o para repassar aos fraudadores.<\/p>\n<p>A Pol\u00edcia Federal estima que pelo menos R$ 6,3 bilh\u00f5es foram desviados de aposentados e pensionistas no per\u00edodo de 2019 a 2024.<\/p>","protected":false},"excerpt":{"rendered":"<p>Kayo Magalh\u00e3es \/ C\u00e2mara dos Deputados Carlos Viana: Dataprev pode ter favorecido fraudes no INSS A CPMI do INSS ouvir\u00e1 o presidente da Empresa de Processamento de Dados da Previd\u00eancia Social (Dataprev), Rodrigo Ortiz D&#8217;Avila Assump\u00e7\u00e3o, na segunda-feira (2), a partir das 16 horas. A ex-secret\u00e1ria de Ant\u00f4nio Carlos Camilo Antunes \u2013 o &#8220;Careca do [&hellip;]<\/p>\n","protected":false},"author":0,"featured_media":0,"comment_status":"open","ping_status":"open","sticky":false,"template":"","format":"standard","meta":{"footnotes":""},"categories":[1],"tags":[],"_links":{"self":[{"href":"https:\/\/jeffersonisac.adv.br\/index.php\/wp-json\/wp\/v2\/posts\/15588"}],"collection":[{"href":"https:\/\/jeffersonisac.adv.br\/index.php\/wp-json\/wp\/v2\/posts"}],"about":[{"href":"https:\/\/jeffersonisac.adv.br\/index.php\/wp-json\/wp\/v2\/types\/post"}],"replies":[{"embeddable":true,"href":"https:\/\/jeffersonisac.adv.br\/index.php\/wp-json\/wp\/v2\/comments?post=15588"}],"version-history":[{"count":0,"href":"https:\/\/jeffersonisac.adv.br\/index.php\/wp-json\/wp\/v2\/posts\/15588\/revisions"}],"wp:attachment":[{"href":"https:\/\/jeffersonisac.adv.br\/index.php\/wp-json\/wp\/v2\/media?parent=15588"}],"wp:term":[{"taxonomy":"category","embeddable":true,"href":"https:\/\/jeffersonisac.adv.br\/index.php\/wp-json\/wp\/v2\/categories?post=15588"},{"taxonomy":"post_tag","embeddable":true,"href":"https:\/\/jeffersonisac.adv.br\/index.php\/wp-json\/wp\/v2\/tags?post=15588"}],"curies":[{"name":"wp","href":"https:\/\/api.w.org\/{rel}","templated":true}]}}