{"id":15589,"date":"2026-02-27T11:25:05","date_gmt":"2026-02-27T14:25:05","guid":{"rendered":"https:\/\/jeffersonisac.adv.br\/index.php\/2026\/02\/27\/comissao-de-saude-aprova-proposta-de-estrategia-para-cuidado-de-pessoas-idosas\/"},"modified":"2026-02-27T11:25:05","modified_gmt":"2026-02-27T14:25:05","slug":"comissao-de-saude-aprova-proposta-de-estrategia-para-cuidado-de-pessoas-idosas","status":"publish","type":"post","link":"https:\/\/jeffersonisac.adv.br\/index.php\/2026\/02\/27\/comissao-de-saude-aprova-proposta-de-estrategia-para-cuidado-de-pessoas-idosas\/","title":{"rendered":"Comiss\u00e3o de Sa\u00fade aprova proposta de estrat\u00e9gia para cuidado de pessoas idosas"},"content":{"rendered":"<div class=\"image-container\">\n<div class=\"midia-creditos\"><em>Kayo Magalh\u00e3es \/ C\u00e2mara dos Deputados<\/em><\/div>\n<div class=\"media-wrapper\"><\/div>\n<div class=\"midia-legenda\">Juliana Cardoso: proposta contempla cuidados com a sa\u00fade, aspectos sociais e de direitos humanos<\/div>\n<\/div>\n<p>A Comiss\u00e3o de Sa\u00fade da C\u00e2mara dos Deputados aprovou o Projeto de Lei 4379\/24, que institui uma estrat\u00e9gia nacional de cuidado integral da pessoa idosa. A proposta, do deputado Luiz Couto (PT-PB), tem como objetivo promover a sa\u00fade e a melhoria da qualidade de vida dessa parte da popula\u00e7\u00e3o, respeitando as diferentes necessidades que surgem com o envelhecimento.<\/p>\n<p>O texto estabelece diretrizes para o combate \u00e0 discrimina\u00e7\u00e3o e incentiva a inser\u00e7\u00e3o da pessoa idosa na comunidade. Al\u00e9m disso, o projeto foca na preven\u00e7\u00e3o de doen\u00e7as cr\u00f4nicas, na manuten\u00e7\u00e3o da capacidade funcional e na cria\u00e7\u00e3o de protocolos de cuidados integrados e de longo prazo.<\/p>\n<p>A relatora da proposta, deputada Juliana Cardoso (PT-SP), apresentou parecer favor\u00e1vel, destacando que o Brasil vive um processo acelerado de envelhecimento populacional. Dados do <span class=\"termoGlossario\">IBGE<\/span> citados no relat\u00f3rio mostram que a propor\u00e7\u00e3o de pessoas com 60 anos ou mais no pa\u00eds passou de 8,7% em 2000 para 15,6% em 2023, atingindo um total de 33 milh\u00f5es de pessoas.<\/p>\n<p>\u201cO projeto apresenta mat\u00e9ria socialmente relevante para a popula\u00e7\u00e3o idosa brasileira, contribuindo para a estrutura\u00e7\u00e3o da pol\u00edtica p\u00fablica direcionada para o cuidado integral em articula\u00e7\u00e3o com todos os setores envolvidos\u201d, afirmou Juliana Cardoso.<\/p>\n<p>A deputada ressaltou ainda que a estrat\u00e9gia proposta supera \u201cvis\u00f5es fragmentadas do cuidado, estabelecendo diretrizes que contemplam cuidados com a sa\u00fade, aspectos sociais e de direitos humanos\u201d.<\/p>\n<p><strong>Implementa\u00e7\u00e3o<\/strong><br \/>\nA execu\u00e7\u00e3o da nova estrat\u00e9gia dever\u00e1 ser coordenada de forma conjunta pelos minist\u00e9rios da Sa\u00fade; do Desenvolvimento e Assist\u00eancia Social, Fam\u00edlia e Combate \u00e0 Fome; e dos Direitos Humanos e da Cidadania.<\/p>\n<p>A inten\u00e7\u00e3o \u00e9 que o modelo de governan\u00e7a e financiamento assegure que a rede de apoio familiar e comunit\u00e1ria seja valorizada.<\/p>\n<p><strong>Pr\u00f3ximos passos<\/strong><br \/>\nO projeto tramita em <span class=\"termoGlossario\">car\u00e1ter conclusivo<\/span> e ainda ser\u00e1 analisado pelas comiss\u00f5es de Defesa dos Direitos da Pessoa Idosa; de Finan\u00e7as e Tributa\u00e7\u00e3o; e Constitui\u00e7\u00e3o e Justi\u00e7a e de Cidadania.<\/p>\n<p>Para virar lei, precisa ser aprovado pela C\u00e2mara e pelo Senado.<\/p>\n<p><a href=\"https:\/\/www.camara.leg.br\/noticias\/573454-SAIBA-MAIS-SOBRE-A-TRAMITACAO-DE-PROJETOS-DE-LEI\">Saiba mais sobre a tramita\u00e7\u00e3o de projetos de lei<\/a><\/p>","protected":false},"excerpt":{"rendered":"<p>Kayo Magalh\u00e3es \/ C\u00e2mara dos Deputados Juliana Cardoso: proposta contempla cuidados com a sa\u00fade, aspectos sociais e de direitos humanos A Comiss\u00e3o de Sa\u00fade da C\u00e2mara dos Deputados aprovou o Projeto de Lei 4379\/24, que institui uma estrat\u00e9gia nacional de cuidado integral da pessoa idosa. A proposta, do deputado Luiz Couto (PT-PB), tem como objetivo [&hellip;]<\/p>\n","protected":false},"author":0,"featured_media":0,"comment_status":"open","ping_status":"open","sticky":false,"template":"","format":"standard","meta":{"footnotes":""},"categories":[1],"tags":[],"_links":{"self":[{"href":"https:\/\/jeffersonisac.adv.br\/index.php\/wp-json\/wp\/v2\/posts\/15589"}],"collection":[{"href":"https:\/\/jeffersonisac.adv.br\/index.php\/wp-json\/wp\/v2\/posts"}],"about":[{"href":"https:\/\/jeffersonisac.adv.br\/index.php\/wp-json\/wp\/v2\/types\/post"}],"replies":[{"embeddable":true,"href":"https:\/\/jeffersonisac.adv.br\/index.php\/wp-json\/wp\/v2\/comments?post=15589"}],"version-history":[{"count":0,"href":"https:\/\/jeffersonisac.adv.br\/index.php\/wp-json\/wp\/v2\/posts\/15589\/revisions"}],"wp:attachment":[{"href":"https:\/\/jeffersonisac.adv.br\/index.php\/wp-json\/wp\/v2\/media?parent=15589"}],"wp:term":[{"taxonomy":"category","embeddable":true,"href":"https:\/\/jeffersonisac.adv.br\/index.php\/wp-json\/wp\/v2\/categories?post=15589"},{"taxonomy":"post_tag","embeddable":true,"href":"https:\/\/jeffersonisac.adv.br\/index.php\/wp-json\/wp\/v2\/tags?post=15589"}],"curies":[{"name":"wp","href":"https:\/\/api.w.org\/{rel}","templated":true}]}}