{"id":15590,"date":"2026-02-27T11:25:05","date_gmt":"2026-02-27T14:25:05","guid":{"rendered":"https:\/\/jeffersonisac.adv.br\/index.php\/2026\/02\/27\/conselho-de-comunicacao-social-do-congresso-debate-estatuto-digital-da-crianca-e-do-adolescente-participe\/"},"modified":"2026-02-27T11:25:05","modified_gmt":"2026-02-27T14:25:05","slug":"conselho-de-comunicacao-social-do-congresso-debate-estatuto-digital-da-crianca-e-do-adolescente-participe","status":"publish","type":"post","link":"https:\/\/jeffersonisac.adv.br\/index.php\/2026\/02\/27\/conselho-de-comunicacao-social-do-congresso-debate-estatuto-digital-da-crianca-e-do-adolescente-participe\/","title":{"rendered":"Conselho de Comunica\u00e7\u00e3o Social do Congresso debate Estatuto Digital da Crian\u00e7a e do Adolescente; participe"},"content":{"rendered":"<div class=\"image-container\">\n<div class=\"midia-creditos\"><em>Vinicius Loures \/ C\u00e2mara dos Deputados<\/em><\/div>\n<div class=\"media-wrapper\"><\/div>\n<div class=\"midia-legenda\">O Conselho de Comunica\u00e7\u00e3o Social \u00e9 presidido por Patricia Blando (D)<\/div>\n<\/div>\n<p>O Conselho de Comunica\u00e7\u00e3o Social do Congresso Nacional re\u00fane-se na segunda-feira (2) para debater o Estatuto Digital da Crian\u00e7a e do Adolescente (ECA Digital), institu\u00eddo pela <a class=\"linkLegislacao\" href=\"https:\/\/www2.camara.gov.br\/legin\/fed\/lei\/2025\/lei-15211-17-setembro-2025-797997-norma-pl.html\">Lei 15.211\/25<\/a>.<\/p>\n<p>O encontro ocorrer\u00e1 no plen\u00e1rio 7 da Ala Alexandre Costa, no Senado, \u00e0s 9h30.<\/p>\n<p><a href=\"https:\/\/www12.senado.leg.br\/ecidadania\/visualizacaoaudiencia?id=37707\">Veja quem foi convidado e envie suas perguntas<\/a><\/p>\n<p>A audi\u00eancia p\u00fablica tem como objetivo discutir a prote\u00e7\u00e3o de crian\u00e7as e jovens na internet, com foco na seguran\u00e7a de dados e na preven\u00e7\u00e3o de riscos virtuais.<\/p>\n<p><a href=\"https:\/\/infograficos.camara.leg.br\/eca-digital\/\">Confira p\u00e1gina especial sobre o ECA Digital<\/a><\/p>\n<p><a href=\"https:\/\/www.camara.leg.br\/noticias\/1243960-nova-composicao-do-conselho-de-comunicacao-e-instalada-e-elege-presidencia\/\">A nova composi\u00e7\u00e3o do Conselho de Comunica\u00e7\u00e3o Social tomou posse no in\u00edcio de fevereiro<\/a>.<\/p>\n<p>\u00a0<\/p>\n<div class=\"\"><\/div>\n<p>\u00a0<\/p>","protected":false},"excerpt":{"rendered":"<p>Vinicius Loures \/ C\u00e2mara dos Deputados O Conselho de Comunica\u00e7\u00e3o Social \u00e9 presidido por Patricia Blando (D) O Conselho de Comunica\u00e7\u00e3o Social do Congresso Nacional re\u00fane-se na segunda-feira (2) para debater o Estatuto Digital da Crian\u00e7a e do Adolescente (ECA Digital), institu\u00eddo pela Lei 15.211\/25. O encontro ocorrer\u00e1 no plen\u00e1rio 7 da Ala Alexandre Costa, [&hellip;]<\/p>\n","protected":false},"author":0,"featured_media":0,"comment_status":"open","ping_status":"open","sticky":false,"template":"","format":"standard","meta":{"footnotes":""},"categories":[1],"tags":[],"_links":{"self":[{"href":"https:\/\/jeffersonisac.adv.br\/index.php\/wp-json\/wp\/v2\/posts\/15590"}],"collection":[{"href":"https:\/\/jeffersonisac.adv.br\/index.php\/wp-json\/wp\/v2\/posts"}],"about":[{"href":"https:\/\/jeffersonisac.adv.br\/index.php\/wp-json\/wp\/v2\/types\/post"}],"replies":[{"embeddable":true,"href":"https:\/\/jeffersonisac.adv.br\/index.php\/wp-json\/wp\/v2\/comments?post=15590"}],"version-history":[{"count":0,"href":"https:\/\/jeffersonisac.adv.br\/index.php\/wp-json\/wp\/v2\/posts\/15590\/revisions"}],"wp:attachment":[{"href":"https:\/\/jeffersonisac.adv.br\/index.php\/wp-json\/wp\/v2\/media?parent=15590"}],"wp:term":[{"taxonomy":"category","embeddable":true,"href":"https:\/\/jeffersonisac.adv.br\/index.php\/wp-json\/wp\/v2\/categories?post=15590"},{"taxonomy":"post_tag","embeddable":true,"href":"https:\/\/jeffersonisac.adv.br\/index.php\/wp-json\/wp\/v2\/tags?post=15590"}],"curies":[{"name":"wp","href":"https:\/\/api.w.org\/{rel}","templated":true}]}}