{"id":15591,"date":"2026-02-27T11:25:06","date_gmt":"2026-02-27T14:25:06","guid":{"rendered":"https:\/\/jeffersonisac.adv.br\/index.php\/2026\/02\/27\/conselho-de-comunicacao-da-camara-debate-tv-3-0-radios-publicas-e-estrategia-digital\/"},"modified":"2026-02-27T11:25:06","modified_gmt":"2026-02-27T14:25:06","slug":"conselho-de-comunicacao-da-camara-debate-tv-3-0-radios-publicas-e-estrategia-digital","status":"publish","type":"post","link":"https:\/\/jeffersonisac.adv.br\/index.php\/2026\/02\/27\/conselho-de-comunicacao-da-camara-debate-tv-3-0-radios-publicas-e-estrategia-digital\/","title":{"rendered":"Conselho de Comunica\u00e7\u00e3o da C\u00e2mara debate TV 3.0, r\u00e1dios p\u00fablicas e estrat\u00e9gia digital"},"content":{"rendered":"<div class=\"video-container youtube youtube-100\">\n<div class=\"midia-creditos\"><em>YouTube<\/em><\/div>\n\n<div class=\"midia-legenda\"><\/div>\n<\/div>\n<p>\u00a0<\/p>\n<p>O Conselho de Comunica\u00e7\u00e3o Social da C\u00e2mara dos Deputados debateu estrat\u00e9gias para modernizar a comunica\u00e7\u00e3o institucional com a sociedade. Entre os temas discutidos est\u00e3o a implanta\u00e7\u00e3o da TV 3.0, a prote\u00e7\u00e3o das emissoras universit\u00e1rias e o fortalecimento das r\u00e1dios p\u00fablicas no ambiente digital.<\/p>\n<p><span class=\"ng-star-inserted\">A <\/span>TV 3.0<span class=\"ng-star-inserted\"> \u00e9 a pr\u00f3xima gera\u00e7\u00e3o da TV digital. O modelo foca na integra\u00e7\u00e3o entre TV aberta e internet, oferecendo resolu\u00e7\u00f5es em <\/span>4K e 8K e recursos de interatividade em tempo real.<\/p>\n<p><span class=\"ng-star-inserted\">A diretora da TV C\u00e2mara, <\/span>Daniela Andr\u00e9,<span class=\"ng-star-inserted\"> informou que o in\u00edcio das transmiss\u00f5es no novo padr\u00e3o <\/span><span class=\"ng-star-inserted\">est\u00e1 previsto para <\/span>junho de 2026<span class=\"ng-star-inserted\">, dentro das comemora\u00e7\u00f5es dos <\/span>200 anos da C\u00e2mara dos Deputados.<\/p>\n<p><strong>R\u00e1dios p\u00fablicas<\/strong><br \/>\nOutro ponto tratado foi a inser\u00e7\u00e3o das r\u00e1dios p\u00fablicas no sistema h\u00edbrido de radiodifus\u00e3o, que combina sinal tradicional e internet.<\/p>\n<p>A diretora da R\u00e1dio C\u00e2mara, Ver\u00f4nica Lima, <span class=\"ng-star-inserted\">afirmou que emissoras p\u00fablicas precisam se posicionar diante das grandes empresas de tecnologias (b<\/span>ig techs) e das montadoras<span class=\"ng-star-inserted\">, que disputam a exclusividade nas centrais multim\u00eddia de ve\u00edculos. Segundo ela, o objetivo \u00e9 evitar que as r\u00e1dios p\u00fablicas fiquem \u201cescondidas\u201d nesses sistemas.<\/span><\/p>\n<p>O conselho tamb\u00e9m destacou o papel da C\u00e2mara em capacitar \u00f3rg\u00e3os municipais de comunica\u00e7\u00e3o para expandir a transpar\u00eancia em todo o pa\u00eds.<\/p>\n<p><strong>Redes sociais<\/strong><br \/>\nOs participantes discutiram ainda novas estrat\u00e9gias para redes sociais, com foco na agilidade, e o uso de impulsionamento para ampliar o alcance das informa\u00e7\u00f5es institucionais.<\/p>\n<p><span class=\"ng-star-inserted\">O diretor-executivo de Comunica\u00e7\u00e3o e M\u00eddias Digitais da C\u00e2mara, <\/span>Cl\u00e1udio Ara\u00fajo,<span class=\"ng-star-inserted\"> afirmou que, embora r\u00e1dio e TV continuem importantes, a gest\u00e3o atual foca no protagonismo das <\/span>redes sociais<span class=\"ng-star-inserted\">, onde grande parte da popula\u00e7\u00e3o busca informa\u00e7\u00e3o.<\/span><\/p>\n<p>A diretora de Redes Sociais da C\u00e2mara, Ginny Morais, citou como exemplo a divulga\u00e7\u00e3o imediata da aprova\u00e7\u00e3o do projeto que combate fac\u00e7\u00f5es criminosas.\u00a0 Segundo ela, a <span class=\"ng-star-inserted\">publica\u00e7\u00e3o r\u00e1pida permitiu que a C\u00e2mara participasse do debate digital no momento em que o tema estava em destaque.<\/span><\/p>\n<p><span class=\"ng-star-inserted\"><strong>Impulsionamento<\/strong><br \/>\nO secret\u00e1rio de Comunica\u00e7\u00e3o Social da C\u00e2mara, deputado Marx Beltr\u00e3o (PP-AL)<\/span>,<span class=\"ng-star-inserted\"> destacou a import\u00e2ncia do impulsionamento para ampliar o alcance das publica\u00e7\u00f5es dos ve\u00edculos de comunica\u00e7\u00e3o da Casa.<\/span><\/p>\n<p>&#8220;Se a gente fizer impulsionamento para determinados lugares, para as cidades mais distantes, a gente consegue direcionar a informa\u00e7\u00e3o atrav\u00e9s da rede social. S\u00f3 que isso ainda \u00e9 uma discuss\u00e3o interna&#8221;, disse o secret\u00e1rio.<\/p>\n<div><strong>Balan\u00e7o positivo<\/strong><br \/>\n<span class=\"ng-star-inserted\">O presidente do Conselho Consultivo de Comunica\u00e7\u00e3o Social, deputado Cleber Verde (MDB-MA)<\/span><span class=\"ng-star-inserted\">, fez um balan\u00e7o positivo da reuni\u00e3o. Ele destacou a prepara\u00e7\u00e3o para a <\/span>TV 3.0 e o r\u00e1dio h\u00edbrido, al\u00e9m d<span class=\"ng-star-inserted\">o an\u00fancio de um <\/span>congresso de comunica\u00e7\u00e3o p\u00fablica<span class=\"ng-star-inserted\"> em Bras\u00edlia como parte das a\u00e7\u00f5es do bicenten\u00e1rio da Casa.<\/span><\/div>\n<div><\/div>\n<div>&#8220;Temos muito ainda para desenvolver. Essa primeira reuni\u00e3o de 2026 certamente trouxe alguns elementos muito positivos e dados importantes para seguirmos ampliando a comunica\u00e7\u00e3o p\u00fablica&#8221;, resumiu o presidente.<\/div>\n<div><\/div>\n<div><strong>O conselho<\/strong><br \/>\nO Conselho Consultivo de Comunica\u00e7\u00e3o Social da C\u00e2mara dos Deputados foi criado em 2019 para propor como a Casa deve se comunicar com a sociedade.<\/div>\n<div><\/div>\n<div>Composto por 5 deputados, um servidor e 4 representantes da sociedade civil, o conselho realizou a segunda reuni\u00e3o desde que os novos representantes da sociedade civil tomaram posse no colegiado, no final do ano passado.<\/div>","protected":false},"excerpt":{"rendered":"<p>YouTube \u00a0 O Conselho de Comunica\u00e7\u00e3o Social da C\u00e2mara dos Deputados debateu estrat\u00e9gias para modernizar a comunica\u00e7\u00e3o institucional com a sociedade. Entre os temas discutidos est\u00e3o a implanta\u00e7\u00e3o da TV 3.0, a prote\u00e7\u00e3o das emissoras universit\u00e1rias e o fortalecimento das r\u00e1dios p\u00fablicas no ambiente digital. A TV 3.0 \u00e9 a pr\u00f3xima gera\u00e7\u00e3o da TV digital. [&hellip;]<\/p>\n","protected":false},"author":0,"featured_media":0,"comment_status":"open","ping_status":"open","sticky":false,"template":"","format":"standard","meta":{"footnotes":""},"categories":[1],"tags":[],"_links":{"self":[{"href":"https:\/\/jeffersonisac.adv.br\/index.php\/wp-json\/wp\/v2\/posts\/15591"}],"collection":[{"href":"https:\/\/jeffersonisac.adv.br\/index.php\/wp-json\/wp\/v2\/posts"}],"about":[{"href":"https:\/\/jeffersonisac.adv.br\/index.php\/wp-json\/wp\/v2\/types\/post"}],"replies":[{"embeddable":true,"href":"https:\/\/jeffersonisac.adv.br\/index.php\/wp-json\/wp\/v2\/comments?post=15591"}],"version-history":[{"count":0,"href":"https:\/\/jeffersonisac.adv.br\/index.php\/wp-json\/wp\/v2\/posts\/15591\/revisions"}],"wp:attachment":[{"href":"https:\/\/jeffersonisac.adv.br\/index.php\/wp-json\/wp\/v2\/media?parent=15591"}],"wp:term":[{"taxonomy":"category","embeddable":true,"href":"https:\/\/jeffersonisac.adv.br\/index.php\/wp-json\/wp\/v2\/categories?post=15591"},{"taxonomy":"post_tag","embeddable":true,"href":"https:\/\/jeffersonisac.adv.br\/index.php\/wp-json\/wp\/v2\/tags?post=15591"}],"curies":[{"name":"wp","href":"https:\/\/api.w.org\/{rel}","templated":true}]}}