{"id":15593,"date":"2026-02-27T13:26:54","date_gmt":"2026-02-27T16:26:54","guid":{"rendered":"https:\/\/jeffersonisac.adv.br\/index.php\/2026\/02\/27\/comissao-aprova-projeto-que-amplia-uso-de-cameras-e-cria-alerta-contra-desaparecimento-de-pessoas\/"},"modified":"2026-02-27T13:26:54","modified_gmt":"2026-02-27T16:26:54","slug":"comissao-aprova-projeto-que-amplia-uso-de-cameras-e-cria-alerta-contra-desaparecimento-de-pessoas","status":"publish","type":"post","link":"https:\/\/jeffersonisac.adv.br\/index.php\/2026\/02\/27\/comissao-aprova-projeto-que-amplia-uso-de-cameras-e-cria-alerta-contra-desaparecimento-de-pessoas\/","title":{"rendered":"Comiss\u00e3o aprova projeto que amplia uso de c\u00e2meras e cria alerta contra desaparecimento de pessoas"},"content":{"rendered":"<div class=\"image-container\">\n<div class=\"midia-creditos\"><em>Vinicius Loures \/ C\u00e2mara dos Deputados<\/em><\/div>\n<div class=\"media-wrapper\"><\/div>\n<div class=\"midia-legenda\">Rog\u00e9ria Santos: objetivo \u00e9 conciliar rapidez na busca com prote\u00e7\u00e3o de dados<\/div>\n<\/div>\n<p>A Comiss\u00e3o de Previd\u00eancia, Assist\u00eancia Social, Inf\u00e2ncia, Adolesc\u00eancia e Fam\u00edlia da C\u00e2mara dos Deputados aprovou projeto de lei que moderniza a <a class=\"linkLegislacao\" href=\"https:\/\/www2.camara.gov.br\/legin\/fed\/lei\/2019\/lei-13812-16-marco-2019-787837-norma-pl.html\">Pol\u00edtica Nacional de Busca de Pessoas Desaparecidas<\/a>.<\/p>\n<p>O texto refor\u00e7a o uso de tecnologia nas investiga\u00e7\u00f5es, amplia o combate ao tr\u00e1fico de pessoas e endurece as penas para crimes contra crian\u00e7as e adolescentes.<\/p>\n<p>Pela proposta, a pol\u00edtica passa a tratar, al\u00e9m do desaparecimento, do combate ao tr\u00e1fico de pessoas, inclusive quando o crime ocorrer no exterior contra v\u00edtima brasileira.<\/p>\n<p>O texto aprovado:<\/p>\n<p>autoriza o uso de c\u00e2meras e reconhecimento facial para apoiar investiga\u00e7\u00f5es e acelerar a localiza\u00e7\u00e3o de desaparecidos, com regras para proteger dados e preservar o sigilo das apura\u00e7\u00f5es;<br \/>\ninstitui o Alerta \u00c2mber (sistema de emerg\u00eancia internacional), com divulga\u00e7\u00e3o r\u00e1pida por r\u00e1dio, TV, telefonia e internet, para casos urgentes \u2013 especialmente envolvendo crian\u00e7as, adolescentes e outras pessoas em situa\u00e7\u00e3o de vulnerabilidade;<br \/>\ndetermina a integra\u00e7\u00e3o de dados entre sistemas municipais, estaduais e federais, para unificar as a\u00e7\u00f5es de busca; e<br \/>\nprev\u00ea atendimento e apoio psicossocial \u00e0s v\u00edtimas e \u00e0s fam\u00edlias, com orienta\u00e7\u00e3o, acolhimento e cuidado com a sa\u00fade f\u00edsica e mental<\/p>\n<p>A vers\u00e3o aprovada \u00e9 o <span class=\"termoGlossario\">substitutivo<\/span> da relatora, deputada Rog\u00e9ria Santos (Republicanos-BA), ao <a class=\"linkProposicao\" href=\"https:\/\/www.camara.leg.br\/noticias\/1145746-projeto-inclui-uso-de-cameras-e-alerta-amber-em-acoes-contra-desaparecimentos-e-trafico-de-pessoas\">Projeto de Lei 182\/25<\/a>, da deputada Laura Carneiro (PSD-RJ).<\/p>\n<p><a href=\"https:\/\/www.camara.leg.br\/proposicoesWeb\/prop_mostrarintegra?codteor=3082061&amp;filename=SBT+3+CPASF+%3D%3E+PL+182\/2025\">Confira a \u00edntegra do texto aprovado<\/a><\/p>\n<p>A relatora afirmou que a proposta busca unir rapidez na busca \u2013 essencial nas primeiras horas \u2013 com salvaguardas de privacidade e de prote\u00e7\u00e3o de dados.<\/p>\n<p>&#8220;A efic\u00e1cia na busca por uma crian\u00e7a ou adolescente desaparecido \u00e9 determinada pela celeridade nas primeiras horas. O projeto acerta ao integrar de forma robusta o aparato legal e tecnol\u00f3gico para permitir a busca e a localiza\u00e7\u00e3o imediatas da v\u00edtima&#8221;, afirmou.<\/p>\n<p><strong>Pr\u00f3ximos passos<br \/>\n<\/strong>O projeto ser\u00e1 analisado ainda pelo Plen\u00e1rio da C\u00e2mara dos Deputados. Se aprovado, seguir\u00e1 para o Senado.<\/p>\n<p>Para virar lei, a proposta ainda precisa ser aprovada por deputados e senadores.<\/p>\n<p><a href=\"https:\/\/www.camara.leg.br\/noticias\/573454-SAIBA-MAIS-SOBRE-A-TRAMITACAO-DE-PROJETOS-DE-LEI\">Saiba mais sobre a tramita\u00e7\u00e3o de projetos de lei<\/a><\/p>","protected":false},"excerpt":{"rendered":"<p>Vinicius Loures \/ C\u00e2mara dos Deputados Rog\u00e9ria Santos: objetivo \u00e9 conciliar rapidez na busca com prote\u00e7\u00e3o de dados A Comiss\u00e3o de Previd\u00eancia, Assist\u00eancia Social, Inf\u00e2ncia, Adolesc\u00eancia e Fam\u00edlia da C\u00e2mara dos Deputados aprovou projeto de lei que moderniza a Pol\u00edtica Nacional de Busca de Pessoas Desaparecidas. O texto refor\u00e7a o uso de tecnologia nas investiga\u00e7\u00f5es, [&hellip;]<\/p>\n","protected":false},"author":0,"featured_media":0,"comment_status":"open","ping_status":"open","sticky":false,"template":"","format":"standard","meta":{"footnotes":""},"categories":[1],"tags":[],"_links":{"self":[{"href":"https:\/\/jeffersonisac.adv.br\/index.php\/wp-json\/wp\/v2\/posts\/15593"}],"collection":[{"href":"https:\/\/jeffersonisac.adv.br\/index.php\/wp-json\/wp\/v2\/posts"}],"about":[{"href":"https:\/\/jeffersonisac.adv.br\/index.php\/wp-json\/wp\/v2\/types\/post"}],"replies":[{"embeddable":true,"href":"https:\/\/jeffersonisac.adv.br\/index.php\/wp-json\/wp\/v2\/comments?post=15593"}],"version-history":[{"count":0,"href":"https:\/\/jeffersonisac.adv.br\/index.php\/wp-json\/wp\/v2\/posts\/15593\/revisions"}],"wp:attachment":[{"href":"https:\/\/jeffersonisac.adv.br\/index.php\/wp-json\/wp\/v2\/media?parent=15593"}],"wp:term":[{"taxonomy":"category","embeddable":true,"href":"https:\/\/jeffersonisac.adv.br\/index.php\/wp-json\/wp\/v2\/categories?post=15593"},{"taxonomy":"post_tag","embeddable":true,"href":"https:\/\/jeffersonisac.adv.br\/index.php\/wp-json\/wp\/v2\/tags?post=15593"}],"curies":[{"name":"wp","href":"https:\/\/api.w.org\/{rel}","templated":true}]}}