{"id":15594,"date":"2026-02-27T14:33:10","date_gmt":"2026-02-27T17:33:10","guid":{"rendered":"https:\/\/jeffersonisac.adv.br\/index.php\/2026\/02\/27\/comissao-aprova-projeto-que-reduz-a-tributacao-sobre-o-biodiesel-de-dende\/"},"modified":"2026-02-27T14:33:10","modified_gmt":"2026-02-27T17:33:10","slug":"comissao-aprova-projeto-que-reduz-a-tributacao-sobre-o-biodiesel-de-dende","status":"publish","type":"post","link":"https:\/\/jeffersonisac.adv.br\/index.php\/2026\/02\/27\/comissao-aprova-projeto-que-reduz-a-tributacao-sobre-o-biodiesel-de-dende\/","title":{"rendered":"Comiss\u00e3o aprova projeto que reduz a tributa\u00e7\u00e3o sobre o biodiesel de dend\u00ea"},"content":{"rendered":"<div class=\"image-container\">\n<div class=\"midia-creditos\"><em>Bruno Spada\/C\u00e2mara dos Deputados<\/em><\/div>\n<div class=\"media-wrapper\"><\/div>\n<div class=\"midia-legenda\">Gabriel Mota: o dend\u00ea se destaca como mat\u00e9ria-prima ideal para o biodiesel<\/div>\n<\/div>\n<p>A Comiss\u00e3o de Minas e Energia da C\u00e2mara dos Deputados aprovou projeto de lei que reduz a zero as al\u00edquotas de <span class=\"termoGlossario\">PIS\/Pasep<\/span> e <span class=\"termoGlossario\">Cofins<\/span> para o biodiesel fabricado a partir de dend\u00ea. A medida altera a <a class=\"linkLegislacao\" href=\"https:\/\/www2.camara.gov.br\/legin\/fed\/lei\/2005\/lei-11116-18-maio-2005-536876-norma-pl.html\">Lei 11.116\/05<\/a> para estabelecer que o coeficiente de redu\u00e7\u00e3o desses tributos ser\u00e1 igual a um inteiro, o que na pr\u00e1tica anula a cobran\u00e7a.<\/p>\n<p>Atualmente, o \u00f3leo de dend\u00ea \u00e9 uma das principais mat\u00e9rias-primas para a produ\u00e7\u00e3o de biocombust\u00edveis na regi\u00e3o Norte.<\/p>\n<p>O relator, deputado Gabriel Mota (Republicanos-RR), apresentou um <span class=\"termoGlossario\">substitutivo<\/span> ao <a class=\"linkProposicao\" href=\"https:\/\/www.camara.leg.br\/noticias\/1121585-proposta-reduz-a-tributacao-sobre-biodiesel-de-dende\">Projeto de Lei 5054\/23<\/a> para ajustar a t\u00e9cnica legislativa e garantir a viabilidade da proposta.<\/p>\n<p>\u201cO dend\u00ea se destaca como mat\u00e9ria-prima ideal para o biodiesel por sua alta produtividade, baixo custo de produ\u00e7\u00e3o, oferta regular ao longo do ano, baixa exig\u00eancia tecnol\u00f3gica na colheita e adapta\u00e7\u00e3o a solos pobres&#8221;, afirma. &#8220;Ambientalmente, favorece a recupera\u00e7\u00e3o de \u00e1reas degradadas na Amaz\u00f4nia; socialmente, gera empregos permanentes e desenvolvimento regional; e, economicamente, reduz a depend\u00eancia de combust\u00edveis f\u00f3sseis\u201d, disse o relator.<\/p>\n<p>O autor da proposta, deputado Defensor St\u00e9lio Dener (Republicanos-RR), acrescentou que a ind\u00fastria de biocombust\u00edveis de dend\u00ea possui grande relev\u00e2ncia econ\u00f4mica e o objetivo central do projeto \u00e9 dar competitividade ao produto e fortalecer a matriz energ\u00e9tica sustent\u00e1vel.<\/p>\n<p>A isen\u00e7\u00e3o tribut\u00e1ria deve entrar em vigor no primeiro m\u00eas ap\u00f3s a publica\u00e7\u00e3o da futura lei.<\/p>\n<p><strong>Pr\u00f3ximas etapas<\/strong><br \/>\nA proposta ser\u00e1 ainda analisada, em <span class=\"termoGlossario\">car\u00e1ter conclusivo<\/span>, pelas comiss\u00f5es de Finan\u00e7as e Tributa\u00e7\u00e3o; e de Constitui\u00e7\u00e3o e Justi\u00e7a e de Cidadania.<\/p>\n<p>Para virar lei, o texto precisa ser aprovado pela C\u00e2mara e pelo Senado.<\/p>\n<p><a href=\"https:\/\/www.camara.leg.br\/noticias\/573454-SAIBA-MAIS-SOBRE-A-TRAMITACAO-DE-PROJETOS-DE-LEI\">Saiba mais sobre a tramita\u00e7\u00e3o de projetos de lei<\/a><\/p>","protected":false},"excerpt":{"rendered":"<p>Bruno Spada\/C\u00e2mara dos Deputados Gabriel Mota: o dend\u00ea se destaca como mat\u00e9ria-prima ideal para o biodiesel A Comiss\u00e3o de Minas e Energia da C\u00e2mara dos Deputados aprovou projeto de lei que reduz a zero as al\u00edquotas de PIS\/Pasep e Cofins para o biodiesel fabricado a partir de dend\u00ea. A medida altera a Lei 11.116\/05 para [&hellip;]<\/p>\n","protected":false},"author":0,"featured_media":0,"comment_status":"open","ping_status":"open","sticky":false,"template":"","format":"standard","meta":{"footnotes":""},"categories":[1],"tags":[],"_links":{"self":[{"href":"https:\/\/jeffersonisac.adv.br\/index.php\/wp-json\/wp\/v2\/posts\/15594"}],"collection":[{"href":"https:\/\/jeffersonisac.adv.br\/index.php\/wp-json\/wp\/v2\/posts"}],"about":[{"href":"https:\/\/jeffersonisac.adv.br\/index.php\/wp-json\/wp\/v2\/types\/post"}],"replies":[{"embeddable":true,"href":"https:\/\/jeffersonisac.adv.br\/index.php\/wp-json\/wp\/v2\/comments?post=15594"}],"version-history":[{"count":0,"href":"https:\/\/jeffersonisac.adv.br\/index.php\/wp-json\/wp\/v2\/posts\/15594\/revisions"}],"wp:attachment":[{"href":"https:\/\/jeffersonisac.adv.br\/index.php\/wp-json\/wp\/v2\/media?parent=15594"}],"wp:term":[{"taxonomy":"category","embeddable":true,"href":"https:\/\/jeffersonisac.adv.br\/index.php\/wp-json\/wp\/v2\/categories?post=15594"},{"taxonomy":"post_tag","embeddable":true,"href":"https:\/\/jeffersonisac.adv.br\/index.php\/wp-json\/wp\/v2\/tags?post=15594"}],"curies":[{"name":"wp","href":"https:\/\/api.w.org\/{rel}","templated":true}]}}