{"id":15596,"date":"2026-02-27T16:24:25","date_gmt":"2026-02-27T19:24:25","guid":{"rendered":"https:\/\/jeffersonisac.adv.br\/index.php\/2026\/02\/27\/comissao-mista-debate-violencia-contra-a-mulher-e-aplicacao-da-lei-do-feminicidio-participe\/"},"modified":"2026-02-27T16:24:25","modified_gmt":"2026-02-27T19:24:25","slug":"comissao-mista-debate-violencia-contra-a-mulher-e-aplicacao-da-lei-do-feminicidio-participe","status":"publish","type":"post","link":"https:\/\/jeffersonisac.adv.br\/index.php\/2026\/02\/27\/comissao-mista-debate-violencia-contra-a-mulher-e-aplicacao-da-lei-do-feminicidio-participe\/","title":{"rendered":"Comiss\u00e3o mista debate viol\u00eancia contra a mulher e aplica\u00e7\u00e3o da Lei do Feminic\u00eddio; participe"},"content":{"rendered":"<div class=\"image-container\">\n<div class=\"midia-creditos\"><em>Wilson Dias\/Ag\u00eancia Brasil<\/em><\/div>\n<div class=\"media-wrapper\"><\/div>\n<div class=\"midia-legenda\">Debate vai analisar os \u00edndices de viol\u00eancia dom\u00e9stica e de feminic\u00eddio<\/div>\n<\/div>\n<p>A Comiss\u00e3o Permanente Mista de Combate \u00e0 Viol\u00eancia Contra a Mulher realiza, nesta quarta-feira (4), \u00e0s 15 horas, audi\u00eancia p\u00fablica para discutir os dados sobre viol\u00eancia contra a mulher e a aplicabilidade da <a class=\"linkLegislacao\" href=\"https:\/\/www2.camara.gov.br\/legin\/fed\/lei\/2015\/lei-13104-9-marco-2015-780225-norma-pl.html\">Lei 13.104\/15<\/a>, conhecida como Lei do Feminic\u00eddio. A reuni\u00e3o ocorrer\u00e1 na Ala Nilo Coelho, plen\u00e1rio 6, no Senado e ser\u00e1 interativa.<\/p>\n<p><a href=\"https:\/\/www12.senado.leg.br\/ecidadania\/visualizacaoaudiencia?id=37727\">Veja quem foi convidado e envie suas perguntas<\/a><\/p>\n<p>O debate vai analisar os \u00edndices de viol\u00eancia dom\u00e9stica e feminic\u00eddio, a rede de prote\u00e7\u00e3o e a atua\u00e7\u00e3o do sistema de justi\u00e7a. Tamb\u00e9m ser\u00e3o ouvidos movimentos de mulheres, especialistas e autoridades.<\/p>\n<p>Segundo a comiss\u00e3o, a audi\u00eancia tem o objetivo de reunir informa\u00e7\u00f5es e contribui\u00e7\u00f5es que possam orientar o plano de trabalho do colegiado no enfrentamento \u00e0 viol\u00eancia contra as mulheres no Brasil.<\/p>","protected":false},"excerpt":{"rendered":"<p>Wilson Dias\/Ag\u00eancia Brasil Debate vai analisar os \u00edndices de viol\u00eancia dom\u00e9stica e de feminic\u00eddio A Comiss\u00e3o Permanente Mista de Combate \u00e0 Viol\u00eancia Contra a Mulher realiza, nesta quarta-feira (4), \u00e0s 15 horas, audi\u00eancia p\u00fablica para discutir os dados sobre viol\u00eancia contra a mulher e a aplicabilidade da Lei 13.104\/15, conhecida como Lei do Feminic\u00eddio. A [&hellip;]<\/p>\n","protected":false},"author":0,"featured_media":0,"comment_status":"open","ping_status":"open","sticky":false,"template":"","format":"standard","meta":{"footnotes":""},"categories":[1],"tags":[],"_links":{"self":[{"href":"https:\/\/jeffersonisac.adv.br\/index.php\/wp-json\/wp\/v2\/posts\/15596"}],"collection":[{"href":"https:\/\/jeffersonisac.adv.br\/index.php\/wp-json\/wp\/v2\/posts"}],"about":[{"href":"https:\/\/jeffersonisac.adv.br\/index.php\/wp-json\/wp\/v2\/types\/post"}],"replies":[{"embeddable":true,"href":"https:\/\/jeffersonisac.adv.br\/index.php\/wp-json\/wp\/v2\/comments?post=15596"}],"version-history":[{"count":0,"href":"https:\/\/jeffersonisac.adv.br\/index.php\/wp-json\/wp\/v2\/posts\/15596\/revisions"}],"wp:attachment":[{"href":"https:\/\/jeffersonisac.adv.br\/index.php\/wp-json\/wp\/v2\/media?parent=15596"}],"wp:term":[{"taxonomy":"category","embeddable":true,"href":"https:\/\/jeffersonisac.adv.br\/index.php\/wp-json\/wp\/v2\/categories?post=15596"},{"taxonomy":"post_tag","embeddable":true,"href":"https:\/\/jeffersonisac.adv.br\/index.php\/wp-json\/wp\/v2\/tags?post=15596"}],"curies":[{"name":"wp","href":"https:\/\/api.w.org\/{rel}","templated":true}]}}