{"id":15601,"date":"2026-03-13T15:20:46","date_gmt":"2026-03-13T18:20:46","guid":{"rendered":"https:\/\/jeffersonisac.adv.br\/index.php\/2026\/03\/13\/deputada-defende-a-importancia-do-orcamento-sensivel-para-garantir-politicas-voltadas-as-mulheres-assista\/"},"modified":"2026-03-13T15:20:46","modified_gmt":"2026-03-13T18:20:46","slug":"deputada-defende-a-importancia-do-orcamento-sensivel-para-garantir-politicas-voltadas-as-mulheres-assista","status":"publish","type":"post","link":"https:\/\/jeffersonisac.adv.br\/index.php\/2026\/03\/13\/deputada-defende-a-importancia-do-orcamento-sensivel-para-garantir-politicas-voltadas-as-mulheres-assista\/","title":{"rendered":"Deputada defende a import\u00e2ncia do or\u00e7amento sens\u00edvel para garantir pol\u00edticas voltadas \u00e0s mulheres; assista"},"content":{"rendered":"<div class=\"video-container youtube youtube-100\">\n<div class=\"midia-creditos\"><em>YouTube<\/em><\/div>\n\n<div class=\"midia-legenda\"><\/div>\n<\/div>\n<p>Em entrevista ao programa Me Conta+, transmitido nas redes sociais da C\u00e2mara, <span class=\"yt-core-attributed-string yt-core-attributed-string--link-inherit-color\">a deputada Laura Carneiro (PSD-RJ) e a assessora Danielle Gruneich ressaltaram a import\u00e2ncia do or\u00e7amento sens\u00edvel ao g\u00eanero para garantir a efic\u00e1cia das pol\u00edticas p\u00fablicas voltadas \u00e0s mulheres.<\/span>\n<\/p>\n<p>Elas argumentaram que leis avan\u00e7adas contra a viol\u00eancia dom\u00e9stica\u00a0e o feminic\u00eddio s\u00e3o insuficientes se n\u00e3o houver\u00a0recursos financeiros\u00a0vinculados especificamente \u00e0 sua execu\u00e7\u00e3o em estados e munic\u00edpios.<\/p>\n<div>&#8220;<span class=\"yt-core-attributed-string yt-core-attributed-string--link-inherit-color\">N\u00e3o faz nenhum sentido a gente ter pol\u00edticas p\u00fablicas, se <\/span>a gente n\u00e3o tiver investimento para elas&#8221;, explicou Laura Carneiro. &#8220;A gente apenas quer saber aonde s\u00e3o gastos esses valores com mulheres para que a gente possa fortalecer essas pol\u00edticas p\u00fablicas&#8221;, refor\u00e7ou.<\/div>","protected":false},"excerpt":{"rendered":"<p>YouTube Em entrevista ao programa Me Conta+, transmitido nas redes sociais da C\u00e2mara, a deputada Laura Carneiro (PSD-RJ) e a assessora Danielle Gruneich ressaltaram a import\u00e2ncia do or\u00e7amento sens\u00edvel ao g\u00eanero para garantir a efic\u00e1cia das pol\u00edticas p\u00fablicas voltadas \u00e0s mulheres. Elas argumentaram que leis avan\u00e7adas contra a viol\u00eancia dom\u00e9stica\u00a0e o feminic\u00eddio s\u00e3o insuficientes se [&hellip;]<\/p>\n","protected":false},"author":0,"featured_media":0,"comment_status":"open","ping_status":"open","sticky":false,"template":"","format":"standard","meta":{"footnotes":""},"categories":[1],"tags":[],"_links":{"self":[{"href":"https:\/\/jeffersonisac.adv.br\/index.php\/wp-json\/wp\/v2\/posts\/15601"}],"collection":[{"href":"https:\/\/jeffersonisac.adv.br\/index.php\/wp-json\/wp\/v2\/posts"}],"about":[{"href":"https:\/\/jeffersonisac.adv.br\/index.php\/wp-json\/wp\/v2\/types\/post"}],"replies":[{"embeddable":true,"href":"https:\/\/jeffersonisac.adv.br\/index.php\/wp-json\/wp\/v2\/comments?post=15601"}],"version-history":[{"count":0,"href":"https:\/\/jeffersonisac.adv.br\/index.php\/wp-json\/wp\/v2\/posts\/15601\/revisions"}],"wp:attachment":[{"href":"https:\/\/jeffersonisac.adv.br\/index.php\/wp-json\/wp\/v2\/media?parent=15601"}],"wp:term":[{"taxonomy":"category","embeddable":true,"href":"https:\/\/jeffersonisac.adv.br\/index.php\/wp-json\/wp\/v2\/categories?post=15601"},{"taxonomy":"post_tag","embeddable":true,"href":"https:\/\/jeffersonisac.adv.br\/index.php\/wp-json\/wp\/v2\/tags?post=15601"}],"curies":[{"name":"wp","href":"https:\/\/api.w.org\/{rel}","templated":true}]}}