{"id":15602,"date":"2026-03-13T15:20:46","date_gmt":"2026-03-13T18:20:46","guid":{"rendered":"https:\/\/jeffersonisac.adv.br\/index.php\/2026\/03\/13\/comissao-ouve-ministro-do-trabalho-e-emprego-sobre-planos-da-sua-pasta-para-2026\/"},"modified":"2026-03-13T15:20:46","modified_gmt":"2026-03-13T18:20:46","slug":"comissao-ouve-ministro-do-trabalho-e-emprego-sobre-planos-da-sua-pasta-para-2026","status":"publish","type":"post","link":"https:\/\/jeffersonisac.adv.br\/index.php\/2026\/03\/13\/comissao-ouve-ministro-do-trabalho-e-emprego-sobre-planos-da-sua-pasta-para-2026\/","title":{"rendered":"Comiss\u00e3o ouve ministro do Trabalho e Emprego sobre planos da sua Pasta para 2026"},"content":{"rendered":"<div class=\"image-container\">\n<div class=\"midia-creditos\"><em>Kayo Magalh\u00e3es \/ C\u00e2mara dos Deputados<\/em><\/div>\n<div class=\"media-wrapper\"><\/div>\n<div class=\"midia-legenda\">Luiz Marinho, ministro do Trabalho e Emprego<\/div>\n<\/div>\n<p>A Comiss\u00e3o de Trabalho da C\u00e2mara dos Deputados recebe na quarta-feira (18) o ministro do Trabalho e Emprego, Luiz Marinho. Ele vir\u00e1 falar aos parlamentares sobre as prioridades da pasta para este ano.<\/p>\n<p>A reuni\u00e3o ser\u00e1 realizada no plen\u00e1rio 12, \u00e0s 10 horas.<\/p>\n<p><a href=\"https:\/\/www.camara.leg.br\/evento-legislativo\/81103\">Veja a pauta completa<\/a><\/p>\n<p>Marinho apresentar\u00e1 \u00e0 comiss\u00e3o o planejamento das a\u00e7\u00f5es do minist\u00e9rio para 2026, o que facilitar\u00e1 o acompanhamento das pol\u00edticas p\u00fablicas voltadas ao mercado de trabalho.<\/p>","protected":false},"excerpt":{"rendered":"<p>Kayo Magalh\u00e3es \/ C\u00e2mara dos Deputados Luiz Marinho, ministro do Trabalho e Emprego A Comiss\u00e3o de Trabalho da C\u00e2mara dos Deputados recebe na quarta-feira (18) o ministro do Trabalho e Emprego, Luiz Marinho. Ele vir\u00e1 falar aos parlamentares sobre as prioridades da pasta para este ano. A reuni\u00e3o ser\u00e1 realizada no plen\u00e1rio 12, \u00e0s 10 [&hellip;]<\/p>\n","protected":false},"author":0,"featured_media":0,"comment_status":"open","ping_status":"open","sticky":false,"template":"","format":"standard","meta":{"footnotes":""},"categories":[1],"tags":[],"_links":{"self":[{"href":"https:\/\/jeffersonisac.adv.br\/index.php\/wp-json\/wp\/v2\/posts\/15602"}],"collection":[{"href":"https:\/\/jeffersonisac.adv.br\/index.php\/wp-json\/wp\/v2\/posts"}],"about":[{"href":"https:\/\/jeffersonisac.adv.br\/index.php\/wp-json\/wp\/v2\/types\/post"}],"replies":[{"embeddable":true,"href":"https:\/\/jeffersonisac.adv.br\/index.php\/wp-json\/wp\/v2\/comments?post=15602"}],"version-history":[{"count":0,"href":"https:\/\/jeffersonisac.adv.br\/index.php\/wp-json\/wp\/v2\/posts\/15602\/revisions"}],"wp:attachment":[{"href":"https:\/\/jeffersonisac.adv.br\/index.php\/wp-json\/wp\/v2\/media?parent=15602"}],"wp:term":[{"taxonomy":"category","embeddable":true,"href":"https:\/\/jeffersonisac.adv.br\/index.php\/wp-json\/wp\/v2\/categories?post=15602"},{"taxonomy":"post_tag","embeddable":true,"href":"https:\/\/jeffersonisac.adv.br\/index.php\/wp-json\/wp\/v2\/tags?post=15602"}],"curies":[{"name":"wp","href":"https:\/\/api.w.org\/{rel}","templated":true}]}}