{"id":15603,"date":"2026-03-13T15:20:46","date_gmt":"2026-03-13T18:20:46","guid":{"rendered":"https:\/\/jeffersonisac.adv.br\/index.php\/2026\/03\/13\/comissao-recebe-ministro-para-discutir-politicas-publicas-do-esporte\/"},"modified":"2026-03-13T15:20:46","modified_gmt":"2026-03-13T18:20:46","slug":"comissao-recebe-ministro-para-discutir-politicas-publicas-do-esporte","status":"publish","type":"post","link":"https:\/\/jeffersonisac.adv.br\/index.php\/2026\/03\/13\/comissao-recebe-ministro-para-discutir-politicas-publicas-do-esporte\/","title":{"rendered":"Comiss\u00e3o recebe ministro para discutir pol\u00edticas p\u00fablicas do esporte"},"content":{"rendered":"<div class=\"image-container\">\n<div class=\"midia-creditos\"><em>Zeca Ribeiro\/C\u00e2mara dos Deputados<\/em><\/div>\n<div class=\"media-wrapper\"><\/div>\n<div class=\"midia-legenda\">Andr\u00e9 Fufuca, ministro do Esporte<\/div>\n<\/div>\n<p>A Comiss\u00e3o do Esporte da C\u00e2mara dos Deputados recebe nesta quarta-feira (18) o ministro do Esporte, Andr\u00e9 Fufuca, para discutir pol\u00edticas p\u00fablicas voltadas ao setor. A reuni\u00e3o ser\u00e1 realizada no plen\u00e1rio 4, \u00e0s 14 horas.<\/p>\n<p><a href=\"https:\/\/www.camara.leg.br\/evento-legislativo\/81187.\">Veja a pauta completa<\/a><\/p>\n<p>O debate atende a pedido do deputado Saulo Pedroso (PSD-SP). Segundo o parlamentar, o objetivo \u00e9 promover um di\u00e1logo sobre as principais a\u00e7\u00f5es, dificuldades e estrat\u00e9gias da pol\u00edtica esportiva brasileira.<\/p>\n<p>Pedroso acrescenta que iniciativas voltadas ao esporte de base, ao alto rendimento, ao esporte educacional e \u00e0 inclus\u00e3o social estar\u00e3o entre os temas abordados.<\/p>\n<p>\u201cA fiscaliza\u00e7\u00e3o e o acompanhamento das pol\u00edticas p\u00fablicas constituem uma das atribui\u00e7\u00f5es mais relevantes do Parlamento brasileiro, especialmente no que se refere \u00e0 promo\u00e7\u00e3o, ao desenvolvimento e ao fortalecimento do esporte nacional\u201d, afirma.<\/p>","protected":false},"excerpt":{"rendered":"<p>Zeca Ribeiro\/C\u00e2mara dos Deputados Andr\u00e9 Fufuca, ministro do Esporte A Comiss\u00e3o do Esporte da C\u00e2mara dos Deputados recebe nesta quarta-feira (18) o ministro do Esporte, Andr\u00e9 Fufuca, para discutir pol\u00edticas p\u00fablicas voltadas ao setor. A reuni\u00e3o ser\u00e1 realizada no plen\u00e1rio 4, \u00e0s 14 horas. Veja a pauta completa O debate atende a pedido do deputado [&hellip;]<\/p>\n","protected":false},"author":0,"featured_media":0,"comment_status":"open","ping_status":"open","sticky":false,"template":"","format":"standard","meta":{"footnotes":""},"categories":[1],"tags":[],"_links":{"self":[{"href":"https:\/\/jeffersonisac.adv.br\/index.php\/wp-json\/wp\/v2\/posts\/15603"}],"collection":[{"href":"https:\/\/jeffersonisac.adv.br\/index.php\/wp-json\/wp\/v2\/posts"}],"about":[{"href":"https:\/\/jeffersonisac.adv.br\/index.php\/wp-json\/wp\/v2\/types\/post"}],"replies":[{"embeddable":true,"href":"https:\/\/jeffersonisac.adv.br\/index.php\/wp-json\/wp\/v2\/comments?post=15603"}],"version-history":[{"count":0,"href":"https:\/\/jeffersonisac.adv.br\/index.php\/wp-json\/wp\/v2\/posts\/15603\/revisions"}],"wp:attachment":[{"href":"https:\/\/jeffersonisac.adv.br\/index.php\/wp-json\/wp\/v2\/media?parent=15603"}],"wp:term":[{"taxonomy":"category","embeddable":true,"href":"https:\/\/jeffersonisac.adv.br\/index.php\/wp-json\/wp\/v2\/categories?post=15603"},{"taxonomy":"post_tag","embeddable":true,"href":"https:\/\/jeffersonisac.adv.br\/index.php\/wp-json\/wp\/v2\/tags?post=15603"}],"curies":[{"name":"wp","href":"https:\/\/api.w.org\/{rel}","templated":true}]}}