{"id":15604,"date":"2026-03-13T16:25:41","date_gmt":"2026-03-13T19:25:41","guid":{"rendered":"https:\/\/jeffersonisac.adv.br\/index.php\/2026\/03\/13\/projeto-cria-regras-para-busca-de-pessoas-com-deficiencia-desaparecidas\/"},"modified":"2026-03-13T16:25:41","modified_gmt":"2026-03-13T19:25:41","slug":"projeto-cria-regras-para-busca-de-pessoas-com-deficiencia-desaparecidas","status":"publish","type":"post","link":"https:\/\/jeffersonisac.adv.br\/index.php\/2026\/03\/13\/projeto-cria-regras-para-busca-de-pessoas-com-deficiencia-desaparecidas\/","title":{"rendered":"Projeto cria regras para busca de pessoas com defici\u00eancia desaparecidas"},"content":{"rendered":"<div class=\"image-container\">\n<div class=\"midia-creditos\"><em>Vinicius Loures\/C\u00e2mara dos Deputados<\/em><\/div>\n<div class=\"media-wrapper\"><\/div>\n<div class=\"midia-legenda\">Daniel Agrobom: busca por pessoas com defici\u00eancia requer estrat\u00e9gias espec\u00edficas<\/div>\n<\/div>\n<p>O Projeto de Lei 3794\/25 do deputado Daniel Agrobom (PL-GO) determina que a pol\u00edcia leve em conta as necessidades espec\u00edficas da pessoa com defici\u00eancia nas a\u00e7\u00f5es de busca, acolhimento e aten\u00e7\u00e3o \u00e0 fam\u00edlia, em situa\u00e7\u00f5es de desaparecimento.<\/p>\n<p>O objetivo \u00e9 tornar a atua\u00e7\u00e3o mais adequada e aumentar as chances de localiza\u00e7\u00e3o. A proposta est\u00e1 em an\u00e1lise na C\u00e2mara dos Deputados.<\/p>\n<p>O texto altera a <a class=\"linkLegislacao\" href=\"https:\/\/www2.camara.gov.br\/legin\/fed\/lei\/2019\/lei-13812-16-marco-2019-787837-norma-pl.html\">Pol\u00edtica Nacional de Busca de Pessoas Desaparecidas<\/a>. Conforme o projeto de lei, assim que a autoridade policial tomar conhecimento de que o desaparecido \u00e9 pessoa com defici\u00eancia, todas as medidas dever\u00e3o seguir tamb\u00e9m as diretrizes do <a class=\"linkLegislacao\" href=\"https:\/\/www2.camara.gov.br\/legin\/fed\/lei\/2015\/lei-13146-6-julho-2015-781174-norma-pl.html\">Estatuto da Pessoa com Defici\u00eancia<\/a>.<\/p>\n<p>Daniel Agrobom afirma que a medida \u00e9 necess\u00e1ria porque pessoas com defici\u00eancia enfrentam vulnerabilidade ampliada e demandam estrat\u00e9gias de resgate diferentes. Ele cita, como exemplo, o fato de que pessoas com defici\u00eancia auditiva podem n\u00e3o responder a chamados vocais e pessoas com defici\u00eancia visual podem se desorientar mais facilmente em ambientes desconhecidos.<\/p>\n<p>\u201cA busca por pessoas com defici\u00eancia requer estrat\u00e9gias espec\u00edficas que levem em conta suas limita\u00e7\u00f5es e necessidades\u201d, argumenta o autor na justificativa do projeto. Para ele, conhecer essas condi\u00e7\u00f5es pode acelerar a identifica\u00e7\u00e3o de rotas e aumentar as chances de um resgate seguro.<\/p>\n<p><strong>Pr\u00f3ximos passos<\/strong><br \/>\nO projeto ser\u00e1 analisado, em <span class=\"termoGlossario\">car\u00e1ter conclusivo<\/span>, pelas comiss\u00f5es de Seguran\u00e7a P\u00fablica e Combate ao Crime Organizado; Defesa dos Direitos das Pessoas com Defici\u00eancia; e Constitui\u00e7\u00e3o e Justi\u00e7a e de Cidadania.<\/p>\n<p><a href=\"https:\/\/www.camara.leg.br\/noticias\/573454-SAIBA-MAIS-SOBRE-A-TRAMITACAO-DE-PROJETOS-DE-LEI\">Saiba mais sobre a tramita\u00e7\u00e3o de projetos de lei\u00a0<\/a><\/p>","protected":false},"excerpt":{"rendered":"<p>Vinicius Loures\/C\u00e2mara dos Deputados Daniel Agrobom: busca por pessoas com defici\u00eancia requer estrat\u00e9gias espec\u00edficas O Projeto de Lei 3794\/25 do deputado Daniel Agrobom (PL-GO) determina que a pol\u00edcia leve em conta as necessidades espec\u00edficas da pessoa com defici\u00eancia nas a\u00e7\u00f5es de busca, acolhimento e aten\u00e7\u00e3o \u00e0 fam\u00edlia, em situa\u00e7\u00f5es de desaparecimento. O objetivo \u00e9 tornar [&hellip;]<\/p>\n","protected":false},"author":0,"featured_media":0,"comment_status":"open","ping_status":"open","sticky":false,"template":"","format":"standard","meta":{"footnotes":""},"categories":[1],"tags":[],"_links":{"self":[{"href":"https:\/\/jeffersonisac.adv.br\/index.php\/wp-json\/wp\/v2\/posts\/15604"}],"collection":[{"href":"https:\/\/jeffersonisac.adv.br\/index.php\/wp-json\/wp\/v2\/posts"}],"about":[{"href":"https:\/\/jeffersonisac.adv.br\/index.php\/wp-json\/wp\/v2\/types\/post"}],"replies":[{"embeddable":true,"href":"https:\/\/jeffersonisac.adv.br\/index.php\/wp-json\/wp\/v2\/comments?post=15604"}],"version-history":[{"count":0,"href":"https:\/\/jeffersonisac.adv.br\/index.php\/wp-json\/wp\/v2\/posts\/15604\/revisions"}],"wp:attachment":[{"href":"https:\/\/jeffersonisac.adv.br\/index.php\/wp-json\/wp\/v2\/media?parent=15604"}],"wp:term":[{"taxonomy":"category","embeddable":true,"href":"https:\/\/jeffersonisac.adv.br\/index.php\/wp-json\/wp\/v2\/categories?post=15604"},{"taxonomy":"post_tag","embeddable":true,"href":"https:\/\/jeffersonisac.adv.br\/index.php\/wp-json\/wp\/v2\/tags?post=15604"}],"curies":[{"name":"wp","href":"https:\/\/api.w.org\/{rel}","templated":true}]}}