{"id":15605,"date":"2026-03-13T16:25:41","date_gmt":"2026-03-13T19:25:41","guid":{"rendered":"https:\/\/jeffersonisac.adv.br\/index.php\/2026\/03\/13\/comissao-aprova-descontos-na-cnh-para-pcds-idosos-e-beneficiarios-de-programas-sociais\/"},"modified":"2026-03-13T16:25:41","modified_gmt":"2026-03-13T19:25:41","slug":"comissao-aprova-descontos-na-cnh-para-pcds-idosos-e-beneficiarios-de-programas-sociais","status":"publish","type":"post","link":"https:\/\/jeffersonisac.adv.br\/index.php\/2026\/03\/13\/comissao-aprova-descontos-na-cnh-para-pcds-idosos-e-beneficiarios-de-programas-sociais\/","title":{"rendered":"Comiss\u00e3o aprova descontos na CNH para PCDs, idosos e benefici\u00e1rios de programas sociais"},"content":{"rendered":"<div class=\"image-container\">\n<div class=\"midia-creditos\"><em>Vinicius Loures \/ C\u00e2mara dos Deputados<\/em><\/div>\n<div class=\"media-wrapper\"><\/div>\n<div class=\"midia-legenda\">Comiss\u00e3o aprovou a vers\u00e3o do relator, Hugo Leal<\/div>\n<\/div>\n<p>A Comiss\u00e3o de Via\u00e7\u00e3o e Transportes da C\u00e2mara dos Deputados aprovou projeto de lei que prev\u00ea descontos para pessoas com defici\u00eancia e idosos na taxa de concess\u00e3o ou renova\u00e7\u00e3o da Carteira Nacional de Habilita\u00e7\u00e3o (CNH). Benefici\u00e1rios de programas sociais inscritos no <span class=\"termoGlossario\">Cad\u00danico<\/span> poder\u00e3o ter isen\u00e7\u00e3o das mesmas taxas.<\/p>\n<p>A comiss\u00e3o <a href=\"https:\/\/www.camara.leg.br\/proposicoesWeb\/prop_mostrarintegra?codteor=3087147&amp;filename=Parecer-CVT-2026-02-23\">aprovou a vers\u00e3o do relator<\/a>, deputado Hugo Leal (PSD-RJ), para o <a class=\"linkProposicao\" href=\"https:\/\/www.camara.leg.br\/noticias\/1099659-projeto-redefine-prazos-para-a-renovacao-da-cnh-conforme-a-idade-do-motorista\">Projeto de Lei 2635\/24<\/a>, do deputado Aureo Ribeiro (Solidariedade-RJ). O texto original pretendia ampliar para 15 anos o prazo de renova\u00e7\u00e3o da CNH para motoristas com menos de 50 anos e conceder isen\u00e7\u00f5es de taxas para grupos espec\u00edficos.<\/p>\n<p>Leal, no entanto, prop\u00f4s um substitutivo e manteve os prazos de renova\u00e7\u00e3o atuais, alterados pela <a class=\"linkLegislacao\" href=\"https:\/\/www2.camara.gov.br\/legin\/fed\/lei\/1950-1959\/lei-1471-21-novembro-1951-361967-norma-pl.html\">Lei 14.71\/20<\/a>, que variam entre 10, 5 e 3 anos conforme a idade. \u201cN\u00e3o h\u00e1 fundamento t\u00e9cnico consistente para alterar novamente os prazos, menos ainda de forma t\u00e3o ampliada\u201d, argumentou.<\/p>\n<p>Sobre os benef\u00edcios tribut\u00e1rios, o relator prop\u00f4s que a concess\u00e3o de descontos e isen\u00e7\u00f5es de taxas seja opcional para estados e o Distrito Federal. Segundo ele, a medida respeita a compet\u00eancia tribut\u00e1ria dos entes federados e o pacto federativo.<\/p>\n<p>O texto aprovado, por fim, sugere o uso de recursos de multas de tr\u00e2nsito para custear descontos e isen\u00e7\u00f5es nas taxas.<\/p>\n<p><strong>Pr\u00f3ximas etapas<\/strong><br \/>\nO projeto ser\u00e1 ainda analisado, em <span class=\"termoGlossario\">car\u00e1ter conclusivo<\/span>, pelas comiss\u00f5es de Finan\u00e7as e Tributa\u00e7\u00e3o; e de Constitui\u00e7\u00e3o e Justi\u00e7a e de Cidadania.<\/p>\n<p>Para virar lei, o projeto precisa ser aprovado pela C\u00e2mara e pelo Senado.<\/p>\n<p><a href=\"https:\/\/www.camara.leg.br\/noticias\/573454-SAIBA-MAIS-SOBRE-A-TRAMITACAO-DE-PROJETOS-DE-LEI\">Saiba mais sobre a tramita\u00e7\u00e3o de projetos de lei<\/a><\/p>","protected":false},"excerpt":{"rendered":"<p>Vinicius Loures \/ C\u00e2mara dos Deputados Comiss\u00e3o aprovou a vers\u00e3o do relator, Hugo Leal A Comiss\u00e3o de Via\u00e7\u00e3o e Transportes da C\u00e2mara dos Deputados aprovou projeto de lei que prev\u00ea descontos para pessoas com defici\u00eancia e idosos na taxa de concess\u00e3o ou renova\u00e7\u00e3o da Carteira Nacional de Habilita\u00e7\u00e3o (CNH). Benefici\u00e1rios de programas sociais inscritos no [&hellip;]<\/p>\n","protected":false},"author":0,"featured_media":0,"comment_status":"open","ping_status":"open","sticky":false,"template":"","format":"standard","meta":{"footnotes":""},"categories":[1],"tags":[],"_links":{"self":[{"href":"https:\/\/jeffersonisac.adv.br\/index.php\/wp-json\/wp\/v2\/posts\/15605"}],"collection":[{"href":"https:\/\/jeffersonisac.adv.br\/index.php\/wp-json\/wp\/v2\/posts"}],"about":[{"href":"https:\/\/jeffersonisac.adv.br\/index.php\/wp-json\/wp\/v2\/types\/post"}],"replies":[{"embeddable":true,"href":"https:\/\/jeffersonisac.adv.br\/index.php\/wp-json\/wp\/v2\/comments?post=15605"}],"version-history":[{"count":0,"href":"https:\/\/jeffersonisac.adv.br\/index.php\/wp-json\/wp\/v2\/posts\/15605\/revisions"}],"wp:attachment":[{"href":"https:\/\/jeffersonisac.adv.br\/index.php\/wp-json\/wp\/v2\/media?parent=15605"}],"wp:term":[{"taxonomy":"category","embeddable":true,"href":"https:\/\/jeffersonisac.adv.br\/index.php\/wp-json\/wp\/v2\/categories?post=15605"},{"taxonomy":"post_tag","embeddable":true,"href":"https:\/\/jeffersonisac.adv.br\/index.php\/wp-json\/wp\/v2\/tags?post=15605"}],"curies":[{"name":"wp","href":"https:\/\/api.w.org\/{rel}","templated":true}]}}