{"id":15607,"date":"2026-03-13T16:25:41","date_gmt":"2026-03-13T19:25:41","guid":{"rendered":"https:\/\/jeffersonisac.adv.br\/index.php\/2026\/03\/13\/ex-dirigente-da-contag-sera-ouvido-nesta-segunda-feira-pela-cpmi-do-inss\/"},"modified":"2026-03-13T16:25:41","modified_gmt":"2026-03-13T19:25:41","slug":"ex-dirigente-da-contag-sera-ouvido-nesta-segunda-feira-pela-cpmi-do-inss","status":"publish","type":"post","link":"https:\/\/jeffersonisac.adv.br\/index.php\/2026\/03\/13\/ex-dirigente-da-contag-sera-ouvido-nesta-segunda-feira-pela-cpmi-do-inss\/","title":{"rendered":"Ex-dirigente da Contag ser\u00e1 ouvido nesta segunda-feira pela CPMI do INSS"},"content":{"rendered":"<div class=\"image-container\">\n<div class=\"midia-creditos\"><em>Bruno Spada\/C\u00e2mara dos Deputados<\/em><\/div>\n<div class=\"media-wrapper\"><\/div>\n<div class=\"midia-legenda\">Reuni\u00e3o da CPMI do INSS<\/div>\n<\/div>\n<p>A <a href=\"https:\/\/legis.senado.leg.br\/atividade\/comissoes\/comissao\/2794\/\" target=\"_blank\" rel=\"noopener\">CPMI do INSS<\/a> deve ouvir nesta segunda-feira (16), a partir das 16 horas, Aristides Veras dos Santos, ex-presidente da Confedera\u00e7\u00e3o Nacional dos Trabalhadores Rurais, Agricultores e Agricultoras Familiares (Contag). A convoca\u00e7\u00e3o \u00e9 resultado de requerimentos dos senadores Fabiano Contarato (PT-ES), Izalci Lucas (PL-DF), Rogerio Marinho (PL-RN) e Eduardo Gir\u00e3o (Novo-CE).<\/p>\n<p>Os parlamentares argumentam que o depoimento \u00e9 relevante para as investiga\u00e7\u00f5es da CPMI, criada para apurar um esquema bilion\u00e1rio de fraudes no Instituto Nacional do Seguro Social (INSS), relacionado a descontos associativos aplicados em benef\u00edcios de aposentados e pensionistas.<\/p>\n<p>O pedido de Fabiano Contarato destaca que Aristides Veras dos Santos representou a Contag na assinatura de um Acordo de Coopera\u00e7\u00e3o T\u00e9cnica\u00a0(ACT)\u00a0com o INSS, firmado em novembro de 2022.<\/p>\n<p>J\u00e1 o pedido de Izalci Lucas sustenta que a convoca\u00e7\u00e3o busca esclarecer ind\u00edcios apontados em investiga\u00e7\u00f5es e auditorias sobre poss\u00edveis irregularidades envolvendo descontos associativos em benef\u00edcios previdenci\u00e1rios. O documento afirma que o dirigente teria informa\u00e7\u00f5es relevantes para compartilhar com a CPMI.<\/p>\n<p>Dois requerimentos pela oitiva de Aristides dos Santos \u2014 assinados por Rog\u00e9rio Marinho e por Eduardo Gir\u00e3o e outros integrantes de seu partido \u2014 alegam que &#8220;entidades associativas ligadas ao sindicalismo receberam, entre 2008 e 2025, mais de R$ 12,5 bilh\u00f5es por meio de descontos associativos autorizados pelo INSS, valor que corresponderia a 72% de todo o montante repassado pelo sistema de consigna\u00e7\u00f5es no per\u00edodo&#8221;.<\/p>\n<p><strong>CPMI do INSS<\/strong><br \/>\nComposta por 16 senadores e 16 deputados titulares e igual n\u00famero de suplentes, a CPMI foi criada para investigar o esquema de descontos irregulares em benef\u00edcios do INSS revelado pela opera\u00e7\u00e3o Sem Desconto, da Pol\u00edcia Federal, em conjunto com a Controladoria-Geral da Uni\u00e3o (CGU).<\/p>\n<p>O depoimento de Aristides Veras dos Santos integra a etapa de coleta de depoimentos considerados importantes para o avan\u00e7o das investiga\u00e7\u00f5es.<\/p>","protected":false},"excerpt":{"rendered":"<p>Bruno Spada\/C\u00e2mara dos Deputados Reuni\u00e3o da CPMI do INSS A CPMI do INSS deve ouvir nesta segunda-feira (16), a partir das 16 horas, Aristides Veras dos Santos, ex-presidente da Confedera\u00e7\u00e3o Nacional dos Trabalhadores Rurais, Agricultores e Agricultoras Familiares (Contag). A convoca\u00e7\u00e3o \u00e9 resultado de requerimentos dos senadores Fabiano Contarato (PT-ES), Izalci Lucas (PL-DF), Rogerio Marinho [&hellip;]<\/p>\n","protected":false},"author":0,"featured_media":0,"comment_status":"open","ping_status":"open","sticky":false,"template":"","format":"standard","meta":{"footnotes":""},"categories":[1],"tags":[],"_links":{"self":[{"href":"https:\/\/jeffersonisac.adv.br\/index.php\/wp-json\/wp\/v2\/posts\/15607"}],"collection":[{"href":"https:\/\/jeffersonisac.adv.br\/index.php\/wp-json\/wp\/v2\/posts"}],"about":[{"href":"https:\/\/jeffersonisac.adv.br\/index.php\/wp-json\/wp\/v2\/types\/post"}],"replies":[{"embeddable":true,"href":"https:\/\/jeffersonisac.adv.br\/index.php\/wp-json\/wp\/v2\/comments?post=15607"}],"version-history":[{"count":0,"href":"https:\/\/jeffersonisac.adv.br\/index.php\/wp-json\/wp\/v2\/posts\/15607\/revisions"}],"wp:attachment":[{"href":"https:\/\/jeffersonisac.adv.br\/index.php\/wp-json\/wp\/v2\/media?parent=15607"}],"wp:term":[{"taxonomy":"category","embeddable":true,"href":"https:\/\/jeffersonisac.adv.br\/index.php\/wp-json\/wp\/v2\/categories?post=15607"},{"taxonomy":"post_tag","embeddable":true,"href":"https:\/\/jeffersonisac.adv.br\/index.php\/wp-json\/wp\/v2\/tags?post=15607"}],"curies":[{"name":"wp","href":"https:\/\/api.w.org\/{rel}","templated":true}]}}