{"id":15608,"date":"2026-03-13T16:25:41","date_gmt":"2026-03-13T19:25:41","guid":{"rendered":"https:\/\/jeffersonisac.adv.br\/index.php\/2026\/03\/13\/comissao-aprova-deduzir-salario-maternidade-de-tributos-pago-por-pequena-empresa\/"},"modified":"2026-03-13T16:25:41","modified_gmt":"2026-03-13T19:25:41","slug":"comissao-aprova-deduzir-salario-maternidade-de-tributos-pago-por-pequena-empresa","status":"publish","type":"post","link":"https:\/\/jeffersonisac.adv.br\/index.php\/2026\/03\/13\/comissao-aprova-deduzir-salario-maternidade-de-tributos-pago-por-pequena-empresa\/","title":{"rendered":"Comiss\u00e3o aprova deduzir sal\u00e1rio-maternidade de tributos pago por pequena empresa"},"content":{"rendered":"<div class=\"image-container\">\n<div class=\"midia-creditos\"><em>Vinicius Loures\/C\u00e2mara dos Deputados<\/em><\/div>\n<div class=\"media-wrapper\"><\/div>\n<div class=\"midia-legenda\">Laura Carneiro, relatora na comiss\u00e3o<\/div>\n<\/div>\n<p>A Comiss\u00e3o de Constitui\u00e7\u00e3o, Justi\u00e7a e de Cidadania da C\u00e2mara dos Deputados aprovou proposta que permite \u00e0s micro e pequenas empresas inscritas no Sistema de Escritura\u00e7\u00e3o Digital das Obriga\u00e7\u00f5es Fiscais, Previdenci\u00e1rias e Trabalhistas (eSocial) o abatimento dos gastos com sal\u00e1rio-maternidade de qualquer tributo federal.<\/p>\n<p>Pela lei, todas as seguradas do Regime Geral de Previd\u00eancia Social (RGPS) t\u00eam direito ao sal\u00e1rio-maternidade. Atualmente, as empresas descontam os valores pagos \u00e0s funcion\u00e1rias no ato do recolhimento da contribui\u00e7\u00e3o previdenci\u00e1ria.<\/p>\n<p>A relatora, deputada Laura Carneiro (PSD-RJ), recomendou a aprova\u00e7\u00e3o do <span class=\"termoGlossario\">substitutivo<\/span> da antiga Comiss\u00e3o de Desenvolvimento Econ\u00f4mico, Ind\u00fastria e Com\u00e9rcio para o <a class=\"linkProposicao\" href=\"https:\/\/www.camara.leg.br\/noticias\/215463-pequena-empresa-podera-ser-ressarcida-pelo-salario-maternidade\">Projeto de Lei 125\/11<\/a>, da deputada Jandira Feghali (PCdoB-RJ). O <a href=\"https:\/\/www.camara.leg.br\/proposicoesWeb\/prop_mostrarintegra?codteor=2405878&amp;filename=Parecer-CPASF-2024-04-10\">substitutivo aprovado<\/a> est\u00e1 apensado ao <a class=\"linkProposicao\" href=\"https:\/\/www.camara.leg.br\/noticias\/220939-proposta-determina-pagamento-do-salario-maternidade-pela-previdencia\">Projeto de Lei 1219\/11<\/a>, do Senado, que pretende transferir o pagamento do sal\u00e1rio-maternidade de algumas micro e pequenas empresas para a Previd\u00eancia Social. Esse texto acabou rejeitado.<\/p>\n<p><strong>Pr\u00f3ximos passos<\/strong><br \/>\nComo o texto foi modificado pela C\u00e2mara, ele volta ao Senado. Para virar lei, precisa ser aprovado nas duas Casas legislativas.<\/p>\n<p><a href=\"https:\/\/www.camara.leg.br\/noticias\/573454-SAIBA-MAIS-SOBRE-A-TRAMITACAO-DE-PROJETOS-DE-LEI\">Saiba mais sobre a tramita\u00e7\u00e3o de projetos de lei<\/a><\/p>","protected":false},"excerpt":{"rendered":"<p>Vinicius Loures\/C\u00e2mara dos Deputados Laura Carneiro, relatora na comiss\u00e3o A Comiss\u00e3o de Constitui\u00e7\u00e3o, Justi\u00e7a e de Cidadania da C\u00e2mara dos Deputados aprovou proposta que permite \u00e0s micro e pequenas empresas inscritas no Sistema de Escritura\u00e7\u00e3o Digital das Obriga\u00e7\u00f5es Fiscais, Previdenci\u00e1rias e Trabalhistas (eSocial) o abatimento dos gastos com sal\u00e1rio-maternidade de qualquer tributo federal. Pela lei, [&hellip;]<\/p>\n","protected":false},"author":0,"featured_media":0,"comment_status":"open","ping_status":"open","sticky":false,"template":"","format":"standard","meta":{"footnotes":""},"categories":[1],"tags":[],"_links":{"self":[{"href":"https:\/\/jeffersonisac.adv.br\/index.php\/wp-json\/wp\/v2\/posts\/15608"}],"collection":[{"href":"https:\/\/jeffersonisac.adv.br\/index.php\/wp-json\/wp\/v2\/posts"}],"about":[{"href":"https:\/\/jeffersonisac.adv.br\/index.php\/wp-json\/wp\/v2\/types\/post"}],"replies":[{"embeddable":true,"href":"https:\/\/jeffersonisac.adv.br\/index.php\/wp-json\/wp\/v2\/comments?post=15608"}],"version-history":[{"count":0,"href":"https:\/\/jeffersonisac.adv.br\/index.php\/wp-json\/wp\/v2\/posts\/15608\/revisions"}],"wp:attachment":[{"href":"https:\/\/jeffersonisac.adv.br\/index.php\/wp-json\/wp\/v2\/media?parent=15608"}],"wp:term":[{"taxonomy":"category","embeddable":true,"href":"https:\/\/jeffersonisac.adv.br\/index.php\/wp-json\/wp\/v2\/categories?post=15608"},{"taxonomy":"post_tag","embeddable":true,"href":"https:\/\/jeffersonisac.adv.br\/index.php\/wp-json\/wp\/v2\/tags?post=15608"}],"curies":[{"name":"wp","href":"https:\/\/api.w.org\/{rel}","templated":true}]}}