{"id":15609,"date":"2026-03-13T18:27:36","date_gmt":"2026-03-13T21:27:36","guid":{"rendered":"https:\/\/jeffersonisac.adv.br\/index.php\/2026\/03\/13\/comissao-aprova-regras-para-busca-de-pessoas-com-deficiencia\/"},"modified":"2026-03-13T18:27:36","modified_gmt":"2026-03-13T21:27:36","slug":"comissao-aprova-regras-para-busca-de-pessoas-com-deficiencia","status":"publish","type":"post","link":"https:\/\/jeffersonisac.adv.br\/index.php\/2026\/03\/13\/comissao-aprova-regras-para-busca-de-pessoas-com-deficiencia\/","title":{"rendered":"Comiss\u00e3o aprova regras para busca de pessoas com defici\u00eancia"},"content":{"rendered":"<div class=\"image-container\">\n<div class=\"midia-creditos\"><em>Kayo Magalh\u00e3es \/ C\u00e2mara dos Deputados<\/em><\/div>\n<div class=\"media-wrapper\"><\/div>\n<div class=\"midia-legenda\">Deputado Capit\u00e3o Alden, relator do projeto de lei<\/div>\n<\/div>\n<p>A Comiss\u00e3o de Seguran\u00e7a P\u00fablica e Combate ao Crime Organizado da C\u00e2mara dos Deputados aprovou proposta que estabelece protocolos de busca e identifica\u00e7\u00e3o de pessoas com defici\u00eancia desaparecidas.<\/p>\n<p>Quando houver pessoa com defici\u00eancia desaparecida, suas necessidades espec\u00edficas dever\u00e3o ser consideradas na formula\u00e7\u00e3o de estrat\u00e9gia de busca, al\u00e9m de previsto acolhimento e aten\u00e7\u00e3o \u00e0 fam\u00edlia.<\/p>\n<p>O texto tamb\u00e9m prev\u00ea que as autoridades usem biometria ou outros recursos tecnol\u00f3gicos para ajudar a identificar e encontrar com mais rapidez o desaparecido.<\/p>\n<p>Nos casos de crian\u00e7as com defici\u00eancia desaparecidas, a pol\u00edcia garantir\u00e1 assist\u00eancia aos familiares.<\/p>\n<p><strong>Estrat\u00e9gia espec\u00edfica<\/strong><br \/>\nO projeto inclui as medidas no Estatuto da Crian\u00e7a e do Adolescente (ECA &#8211; <a class=\"linkLegislacao\" href=\"https:\/\/www2.camara.gov.br\/legin\/fed\/lei\/1990\/lei-8069-13-julho-1990-372211-norma-pl.html\">Lei 8.069\/90<\/a>) e na <a class=\"linkLegislacao\" href=\"https:\/\/www2.camara.gov.br\/legin\/fed\/lei\/2019\/lei-13812-16-marco-2019-787837-norma-pl.html\">Lei 13.812\/19<\/a>, que criou a Pol\u00edtica Nacional de Busca de Pessoas Desaparecidas.<\/p>\n<p>A proposta aprovada \u00e9 um <span class=\"termoGlossario\">substitutivo<\/span> do deputado Capit\u00e3o Alden (PL-BA) ao <a class=\"linkProposicao\" href=\"https:\/\/www.camara.leg.br\/noticias\/1253424-projeto-cria-regras-para-busca-de-pessoas-com-deficiencia-desaparecidas\">Projeto de Lei 3794\/25<\/a>, do deputado Daniel Agrobom (PL-GO). O texto original n\u00e3o alterava o ECA e n\u00e3o previa biometria.<\/p>\n<p>Segundo Agrobom, a busca por pessoas com defici\u00eancia requer estrat\u00e9gias espec\u00edficas que levem em conta suas limita\u00e7\u00f5es e necessidades. &#8220;Pessoas com defici\u00eancia auditiva podem n\u00e3o responder a chamadas vocais, enquanto pessoas com defici\u00eancia visual podem se desorientar facilmente. A falta de uma abordagem especializada pode comprometer a efic\u00e1cia das buscas&#8221;, disse.<\/p>\n<p><strong>Comunica\u00e7\u00e3o<\/strong><br \/>\nCapit\u00e3o Alden afirmou que, quando o desaparecido \u00e9 uma pessoa com defici\u00eancia, a complexidade da investiga\u00e7\u00e3o aumenta devido a vulnerabilidades sensoriais ou de comunica\u00e7\u00e3o que podem impedir a v\u00edtima de pedir ajuda. De acordo com ele, a inclus\u00e3o da biometria \u00e9 um ponto de destaque.<\/p>\n<p>&#8220;Ao estabelecer o dever de priorizar meios tecnol\u00f3gicos de identifica\u00e7\u00e3o, o substitutivo fornece \u00e0s for\u00e7as policiais uma ferramenta de intelig\u00eancia que reduz o tempo de resposta e garante um desfecho seguro e c\u00e9lere para a ocorr\u00eancia&#8221;, declarou.<\/p>\n<p>Ele tamb\u00e9m enfatizou que, em muitos casos, a pessoa com defici\u00eancia localizada pode ter dificuldades de autogest\u00e3o ou comunica\u00e7\u00e3o, o que retarda sua identifica\u00e7\u00e3o.<\/p>\n<p><strong>Pr\u00f3ximos passos<\/strong><br \/>\nA proposta ainda ser\u00e1 analisada, em <span class=\"termoGlossario\">car\u00e1ter conclusivo<\/span>, pelas comiss\u00f5es de Defesa dos Direitos das Pessoas com Defici\u00eancia; e de Constitui\u00e7\u00e3o e Justi\u00e7a e de Cidadania. Para virar lei, precisa ser aprovada pela C\u00e2mara e pelo Senado.<\/p>\n<p><a href=\"https:\/\/www.camara.leg.br\/noticias\/573454-SAIBA-MAIS-SOBRE-A-TRAMITACAO-DE-PROJETOS-DE-LEI\">Saiba mais sobre a tramita\u00e7\u00e3o de projetos de lei<\/a><\/p>","protected":false},"excerpt":{"rendered":"<p>Kayo Magalh\u00e3es \/ C\u00e2mara dos Deputados Deputado Capit\u00e3o Alden, relator do projeto de lei A Comiss\u00e3o de Seguran\u00e7a P\u00fablica e Combate ao Crime Organizado da C\u00e2mara dos Deputados aprovou proposta que estabelece protocolos de busca e identifica\u00e7\u00e3o de pessoas com defici\u00eancia desaparecidas. Quando houver pessoa com defici\u00eancia desaparecida, suas necessidades espec\u00edficas dever\u00e3o ser consideradas na [&hellip;]<\/p>\n","protected":false},"author":0,"featured_media":0,"comment_status":"open","ping_status":"open","sticky":false,"template":"","format":"standard","meta":{"footnotes":""},"categories":[1],"tags":[],"_links":{"self":[{"href":"https:\/\/jeffersonisac.adv.br\/index.php\/wp-json\/wp\/v2\/posts\/15609"}],"collection":[{"href":"https:\/\/jeffersonisac.adv.br\/index.php\/wp-json\/wp\/v2\/posts"}],"about":[{"href":"https:\/\/jeffersonisac.adv.br\/index.php\/wp-json\/wp\/v2\/types\/post"}],"replies":[{"embeddable":true,"href":"https:\/\/jeffersonisac.adv.br\/index.php\/wp-json\/wp\/v2\/comments?post=15609"}],"version-history":[{"count":0,"href":"https:\/\/jeffersonisac.adv.br\/index.php\/wp-json\/wp\/v2\/posts\/15609\/revisions"}],"wp:attachment":[{"href":"https:\/\/jeffersonisac.adv.br\/index.php\/wp-json\/wp\/v2\/media?parent=15609"}],"wp:term":[{"taxonomy":"category","embeddable":true,"href":"https:\/\/jeffersonisac.adv.br\/index.php\/wp-json\/wp\/v2\/categories?post=15609"},{"taxonomy":"post_tag","embeddable":true,"href":"https:\/\/jeffersonisac.adv.br\/index.php\/wp-json\/wp\/v2\/tags?post=15609"}],"curies":[{"name":"wp","href":"https:\/\/api.w.org\/{rel}","templated":true}]}}