{"id":15610,"date":"2026-03-13T18:27:36","date_gmt":"2026-03-13T21:27:36","guid":{"rendered":"https:\/\/jeffersonisac.adv.br\/index.php\/2026\/03\/13\/projeto-proibe-entrada-e-residencia-de-estrangeiros-sem-documentacao-no-brasil\/"},"modified":"2026-03-13T18:27:36","modified_gmt":"2026-03-13T21:27:36","slug":"projeto-proibe-entrada-e-residencia-de-estrangeiros-sem-documentacao-no-brasil","status":"publish","type":"post","link":"https:\/\/jeffersonisac.adv.br\/index.php\/2026\/03\/13\/projeto-proibe-entrada-e-residencia-de-estrangeiros-sem-documentacao-no-brasil\/","title":{"rendered":"Projeto pro\u00edbe entrada e resid\u00eancia de estrangeiros sem documenta\u00e7\u00e3o no Brasil"},"content":{"rendered":"<div class=\"image-container\">\n<div class=\"midia-creditos\"><em>Bruno Spada\/C\u00e2mara dos Deputados<\/em><\/div>\n<div class=\"media-wrapper\"><\/div>\n<div class=\"midia-legenda\">Luiz Philippe de Orleans e Bragan\u00e7a, autor da proposta<\/div>\n<\/div>\n<p class=\"mb-2 whitespace-pre-wrap\">O Projeto de Lei 622\/26 pro\u00edbe a entrada e a concess\u00e3o de visto ou autoriza\u00e7\u00e3o de resid\u00eancia no Brasil a estrangeiros que n\u00e3o apresentem documento de viagem ou de identidade v\u00e1lidos do seu pa\u00eds de origem. A proposta altera a Lei de Migra\u00e7\u00e3o (<a class=\"linkLegislacao\" href=\"https:\/\/www2.camara.gov.br\/legin\/fed\/lei\/2017\/lei-13445-24-maio-2017-784925-norma-pl.html\">Lei 13.445\/17<\/a>) e est\u00e1 em an\u00e1lise na C\u00e2mara dos Deputados.<\/p>\n<p class=\"mb-2 whitespace-pre-wrap\">Pelo texto, a veda\u00e7\u00e3o se aplica tamb\u00e9m \u00e0 autoriza\u00e7\u00e3o concedida ao residente fronteiri\u00e7o (pessoa que vive em cidade de pa\u00eds vizinho e cruza a fronteira frequentemente).<\/p>\n<p class=\"mb-2 whitespace-pre-wrap\"><strong>Fim das exce\u00e7\u00f5es<br \/>\n<\/strong>O projeto revoga trecho da lei atual que determina a negativa de visto por falta de documentos, mas a pr\u00f3pria lei prev\u00ea exce\u00e7\u00f5es importantes: a regra n\u00e3o se aplica a solicitantes de ref\u00fagio, visto humanit\u00e1rio ou quando a falta de documentos n\u00e3o for culpa do estrangeiro.<\/p>\n<p class=\"mb-2 whitespace-pre-wrap\">Ao revogar esse inciso e criar um novo artigo sem replicar essas ressalvas, a proposta elimina as exce\u00e7\u00f5es atuais, tornando a exig\u00eancia de documenta\u00e7\u00e3o uma regra absoluta para qualquer estrangeiro.<\/p>\n<p class=\"mb-2 whitespace-pre-wrap\"><strong>Seguran\u00e7a das fronteiras<br \/>\n<\/strong>O autor, deputado Luiz Philippe de Orleans e Bragan\u00e7a (PL-SP), argumenta que a medida visa aperfei\u00e7oar o controle migrat\u00f3rio e a seguran\u00e7a das fronteiras. Segundo ele, a entrada de pessoas sem comprova\u00e7\u00e3o m\u00ednima de identidade dificulta a atua\u00e7\u00e3o das for\u00e7as de seguran\u00e7a.<\/p>\n<p class=\"mb-2 whitespace-pre-wrap\">\u201cTrata-se de provid\u00eancia de car\u00e1ter preventivo, voltada a coibir o anonimato transfronteiri\u00e7o e a mitigar riscos concretos associados \u00e0 criminalidade organizada e a indiv\u00edduos procurados que possam se valer de lacunas para burlar a fiscaliza\u00e7\u00e3o\u201d, afirma o autor.<\/p>\n<p class=\"mb-2 whitespace-pre-wrap\">O parlamentar sustenta ainda que apenas checagens em bancos de dados n\u00e3o s\u00e3o suficientes para detectar antecedentes criminais, tornando a exig\u00eancia documental um instrumento essencial para a rastreabilidade.<\/p>\n<p class=\"mb-2 whitespace-pre-wrap\"><strong>Pr\u00f3ximos passos<br \/>\n<\/strong>A proposta, que tramita em <span class=\"termoGlossario\">car\u00e1ter conclusivo<\/span>, ser\u00e1 analisada pelas comiss\u00f5es de Rela\u00e7\u00f5es Exteriores e de Defesa Nacional; e de Constitui\u00e7\u00e3o e Justi\u00e7a e de Cidadania. Para virar lei, precisa ser aprovada pelos deputados e pelos senadores e sancionada pelo presidente da Rep\u00fablica.<\/p>\n<p><a href=\"https:\/\/www.camara.leg.br\/noticias\/573454-SAIBA-MAIS-SOBRE-A-TRAMITACAO-DE-PROJETOS-DE-LEI\">Saiba mais sobre a tramita\u00e7\u00e3o de projetos de lei<\/a><\/p>","protected":false},"excerpt":{"rendered":"<p>Bruno Spada\/C\u00e2mara dos Deputados Luiz Philippe de Orleans e Bragan\u00e7a, autor da proposta O Projeto de Lei 622\/26 pro\u00edbe a entrada e a concess\u00e3o de visto ou autoriza\u00e7\u00e3o de resid\u00eancia no Brasil a estrangeiros que n\u00e3o apresentem documento de viagem ou de identidade v\u00e1lidos do seu pa\u00eds de origem. A proposta altera a Lei de [&hellip;]<\/p>\n","protected":false},"author":0,"featured_media":0,"comment_status":"open","ping_status":"open","sticky":false,"template":"","format":"standard","meta":{"footnotes":""},"categories":[1],"tags":[],"_links":{"self":[{"href":"https:\/\/jeffersonisac.adv.br\/index.php\/wp-json\/wp\/v2\/posts\/15610"}],"collection":[{"href":"https:\/\/jeffersonisac.adv.br\/index.php\/wp-json\/wp\/v2\/posts"}],"about":[{"href":"https:\/\/jeffersonisac.adv.br\/index.php\/wp-json\/wp\/v2\/types\/post"}],"replies":[{"embeddable":true,"href":"https:\/\/jeffersonisac.adv.br\/index.php\/wp-json\/wp\/v2\/comments?post=15610"}],"version-history":[{"count":0,"href":"https:\/\/jeffersonisac.adv.br\/index.php\/wp-json\/wp\/v2\/posts\/15610\/revisions"}],"wp:attachment":[{"href":"https:\/\/jeffersonisac.adv.br\/index.php\/wp-json\/wp\/v2\/media?parent=15610"}],"wp:term":[{"taxonomy":"category","embeddable":true,"href":"https:\/\/jeffersonisac.adv.br\/index.php\/wp-json\/wp\/v2\/categories?post=15610"},{"taxonomy":"post_tag","embeddable":true,"href":"https:\/\/jeffersonisac.adv.br\/index.php\/wp-json\/wp\/v2\/tags?post=15610"}],"curies":[{"name":"wp","href":"https:\/\/api.w.org\/{rel}","templated":true}]}}