{"id":15612,"date":"2026-03-13T19:25:30","date_gmt":"2026-03-13T22:25:30","guid":{"rendered":"https:\/\/jeffersonisac.adv.br\/index.php\/2026\/03\/13\/comissao-aprova-projeto-que-limita-responsabilidade-civil-de-praticos-em-acidentes-de-navegacao\/"},"modified":"2026-03-13T19:25:30","modified_gmt":"2026-03-13T22:25:30","slug":"comissao-aprova-projeto-que-limita-responsabilidade-civil-de-praticos-em-acidentes-de-navegacao","status":"publish","type":"post","link":"https:\/\/jeffersonisac.adv.br\/index.php\/2026\/03\/13\/comissao-aprova-projeto-que-limita-responsabilidade-civil-de-praticos-em-acidentes-de-navegacao\/","title":{"rendered":"Comiss\u00e3o aprova projeto que limita responsabilidade civil de pr\u00e1ticos em acidentes de navega\u00e7\u00e3o"},"content":{"rendered":"<div class=\"image-container\">\n<div class=\"midia-creditos\"><em>Cleia Viana \/ C\u00e2mara dos Deputados<\/em><\/div>\n<div class=\"media-wrapper\"><\/div>\n<div class=\"midia-legenda\">Texto aprovado \u00e9 o substitutivo do relator, Marcos Tavares<\/div>\n<\/div>\n<p>A Comiss\u00e3o de Via\u00e7\u00e3o e Transportes da C\u00e2mara dos Deputados aprovou proposta que estabelece limites para a responsabilidade civil de pr\u00e1ticos por danos em acidentes mar\u00edtimos. O texto altera a <a href=\"https:\/\/www2.camara.leg.br\/legin\/fed\/lei\/1997\/lei-9537-11-dezembro-1997-349418-normaatualizada-pl.html\">Lei de Seguran\u00e7a do Tr\u00e1fego Aquavi\u00e1rio<\/a>.<\/p>\n<p>A comiss\u00e3o aprovou a vers\u00e3o do relator, deputado Marcos Tavares (PDT-RJ), para o Projeto de Lei 1275\/21, do deputado licenciado Carlos Bezerra (MT). O novo texto passa a prever que o profissional n\u00e3o responda diretamente por acidentes de navega\u00e7\u00e3o, mas possa sofrer a\u00e7\u00e3o de regresso em casos espec\u00edficos, como erros ou omiss\u00f5es no exerc\u00edcio da profiss\u00e3o.<\/p>\n<p>\u201cO mais usual, nos outros pa\u00edses, \u00e9 limitar a responsabilidade civil do pr\u00e1tico, para que ele possa responder por danos at\u00e9 determinado valor, compat\u00edvel com a realidade econ\u00f4mica da atividade e com sua capacidade de pagamento\u201d, disse Tavares, que aproveitou os argumentos do relator que o antecedeu, deputado Carlos Chiodini (MDB-SC).<\/p>\n<p>Pela proposta, se um erro isolado do pr\u00e1tico for a causa determinante do acidente, quem pagou a indeniza\u00e7\u00e3o (geralmente o armador ou seguradora) poder\u00e1 cobrar o ressarcimento do profissional. No entanto, esse valor ser\u00e1 limitado a um teto a ser definido pelo Poder Executivo, somado ao pre\u00e7o cobrado pelo servi\u00e7o de praticagem no momento do incidente.<\/p>\n<p>O <span class=\"termoGlossario\">substitutivo<\/span> tamb\u00e9m isenta as associa\u00e7\u00f5es de praticagem de qualquer responsabilidade solid\u00e1ria ou subsidi\u00e1ria pelos danos causados por seus associados.<\/p>\n<p><strong>Pr\u00f3ximas etapas<br \/>\n<\/strong>A proposta ser\u00e1 ainda analisada, em <span class=\"termoGlossario\">car\u00e1ter conclusivo<\/span>, pelas comiss\u00f5es de Trabalho; e de Constitui\u00e7\u00e3o e Justi\u00e7a e de Cidadania.<\/p>\n<p>Para virar lei, o texto deve ser aprovado pela C\u00e2mara e pelo Senado.<\/p>\n<p><a href=\"https:\/\/www.camara.leg.br\/noticias\/573454-SAIBA-MAIS-SOBRE-A-TRAMITACAO-DE-PROJETOS-DE-LEI\">Saiba mais sobre a tramita\u00e7\u00e3o de projetos de lei<\/a><\/p>","protected":false},"excerpt":{"rendered":"<p>Cleia Viana \/ C\u00e2mara dos Deputados Texto aprovado \u00e9 o substitutivo do relator, Marcos Tavares A Comiss\u00e3o de Via\u00e7\u00e3o e Transportes da C\u00e2mara dos Deputados aprovou proposta que estabelece limites para a responsabilidade civil de pr\u00e1ticos por danos em acidentes mar\u00edtimos. O texto altera a Lei de Seguran\u00e7a do Tr\u00e1fego Aquavi\u00e1rio. A comiss\u00e3o aprovou a [&hellip;]<\/p>\n","protected":false},"author":0,"featured_media":0,"comment_status":"open","ping_status":"open","sticky":false,"template":"","format":"standard","meta":{"footnotes":""},"categories":[1],"tags":[],"_links":{"self":[{"href":"https:\/\/jeffersonisac.adv.br\/index.php\/wp-json\/wp\/v2\/posts\/15612"}],"collection":[{"href":"https:\/\/jeffersonisac.adv.br\/index.php\/wp-json\/wp\/v2\/posts"}],"about":[{"href":"https:\/\/jeffersonisac.adv.br\/index.php\/wp-json\/wp\/v2\/types\/post"}],"replies":[{"embeddable":true,"href":"https:\/\/jeffersonisac.adv.br\/index.php\/wp-json\/wp\/v2\/comments?post=15612"}],"version-history":[{"count":0,"href":"https:\/\/jeffersonisac.adv.br\/index.php\/wp-json\/wp\/v2\/posts\/15612\/revisions"}],"wp:attachment":[{"href":"https:\/\/jeffersonisac.adv.br\/index.php\/wp-json\/wp\/v2\/media?parent=15612"}],"wp:term":[{"taxonomy":"category","embeddable":true,"href":"https:\/\/jeffersonisac.adv.br\/index.php\/wp-json\/wp\/v2\/categories?post=15612"},{"taxonomy":"post_tag","embeddable":true,"href":"https:\/\/jeffersonisac.adv.br\/index.php\/wp-json\/wp\/v2\/tags?post=15612"}],"curies":[{"name":"wp","href":"https:\/\/api.w.org\/{rel}","templated":true}]}}