{"id":15613,"date":"2026-03-13T19:25:30","date_gmt":"2026-03-13T22:25:30","guid":{"rendered":"https:\/\/jeffersonisac.adv.br\/index.php\/2026\/03\/13\/comissao-aprova-ressarcimento-automatico-a-previdencia-por-agressores-em-violencia-domestica\/"},"modified":"2026-03-13T19:25:30","modified_gmt":"2026-03-13T22:25:30","slug":"comissao-aprova-ressarcimento-automatico-a-previdencia-por-agressores-em-violencia-domestica","status":"publish","type":"post","link":"https:\/\/jeffersonisac.adv.br\/index.php\/2026\/03\/13\/comissao-aprova-ressarcimento-automatico-a-previdencia-por-agressores-em-violencia-domestica\/","title":{"rendered":"Comiss\u00e3o aprova ressarcimento autom\u00e1tico \u00e0 Previd\u00eancia por agressores em viol\u00eancia dom\u00e9stica"},"content":{"rendered":"<div class=\"image-container\">\n<div class=\"midia-creditos\"><em>Renato Ara\u00fajo \/ C\u00e2mara dos Deputados<\/em><\/div>\n<div class=\"media-wrapper\"><\/div>\n<div class=\"midia-legenda\">Deputada Laura Carneiro, relatora do projeto na CCJ<\/div>\n<\/div>\n<p>A Comiss\u00e3o de Constitui\u00e7\u00e3o e Justi\u00e7a e de Cidadania (CCJ) da C\u00e2mara dos Deputados aprovou proposta que facilita o ressarcimento, pelo agressor, de valores pagos em benef\u00edcios previdenci\u00e1rios concedidos \u00e0s v\u00edtimas em decorr\u00eancia de viol\u00eancia dom\u00e9stica e familiar, como o aux\u00edlio por incapacidade tempor\u00e1ria (antigo aux\u00edlio-doen\u00e7a).<\/p>\n<p>A Previd\u00eancia Social foi autorizada a ajuizar a\u00e7\u00f5es contra agressores pela <a class=\"linkLegislacao\" href=\"https:\/\/www2.camara.gov.br\/legin\/fed\/lei\/2019\/lei-13846-18-junho-2019-788404-norma-pl.html\">Lei 13.846\/19<\/a>\u00a0e agora j\u00e1 pode entrar com essa a\u00e7\u00e3o para receber o dinheiro dos agressores desde 2019.<\/p>\n<p>Segundo a proposta, o dever de indenizar a Previd\u00eancia ter\u00e1 efeito autom\u00e1tico na senten\u00e7a condenat\u00f3ria, independentemente de ajuizamento de a\u00e7\u00e3o regressiva. O juiz pode sentenciar o agressor a j\u00e1 pagar a Previd\u00eancia na senten\u00e7a condenat\u00f3ria. Mas, quando isso n\u00e3o ocorrer, a Previd\u00eancia poder\u00e1 entrar com a\u00e7\u00e3o para receber o dinheiro.<\/p>\n<p>Caso seja necess\u00e1rio, o Instituto Nacional do Seguro Social (INSS) ter\u00e1 cinco anos para ajuizar a\u00e7\u00e3o contra o agressor, contados da data da despesa previdenci\u00e1ria.<\/p>\n<p>O colegiado concordou com parecer da relatora, deputada Laura Carneiro (PSD-RJ), para aprovar um <span class=\"termoGlossario\">substitutivo<\/span> da antiga Comiss\u00e3o de Seguridade Social e Fam\u00edlia ao <a class=\"linkProposicao\" href=\"https:\/\/www.camara.leg.br\/noticias\/557029-proposta-obriga-agressor-de-mulher-a-ressarcir-gastos-do-inss\">Projeto de Lei 1655\/19<\/a>, do Senado. Pelo texto, o im\u00f3vel residencial do casal ou da entidade familiar n\u00e3o poder\u00e1 ser penhorado para pagar a indeniza\u00e7\u00e3o.<\/p>\n<p>A proposta \u00e9 da ex-senadora Marta Suplicy (SP) e originalmente obriga os condenados por viol\u00eancia dom\u00e9stica e familiar a ressarcir os cofres da Previd\u00eancia Social. Essa medida, por\u00e9m, j\u00e1 foi inclu\u00edda na <a href=\"https:\/\/www2.camara.gov.br\/legin\/fed\/lei\/2006\/lei-11340-7-agosto-2006-545133-norma-pl.html\">Lei Maria da Penha<\/a>\u00a0pela Lei 13.846\/19.<\/p>\n<p><strong>Pr\u00f3ximos passos<\/strong><br \/>\nComo a proposta foi alterada pela C\u00e2mara, ela retorna ao Senado. Para virar lei, precisa ser aprovada pelos deputados e pelos senadores.<\/p>\n<p><a href=\"https:\/\/www.camara.leg.br\/noticias\/573454-SAIBA-MAIS-SOBRE-A-TRAMITACAO-DE-PROJETOS-DE-LEI\">Saiba mais sobre a tramita\u00e7\u00e3o de projetos de lei<\/a><\/p>","protected":false},"excerpt":{"rendered":"<p>Renato Ara\u00fajo \/ C\u00e2mara dos Deputados Deputada Laura Carneiro, relatora do projeto na CCJ A Comiss\u00e3o de Constitui\u00e7\u00e3o e Justi\u00e7a e de Cidadania (CCJ) da C\u00e2mara dos Deputados aprovou proposta que facilita o ressarcimento, pelo agressor, de valores pagos em benef\u00edcios previdenci\u00e1rios concedidos \u00e0s v\u00edtimas em decorr\u00eancia de viol\u00eancia dom\u00e9stica e familiar, como o aux\u00edlio [&hellip;]<\/p>\n","protected":false},"author":0,"featured_media":0,"comment_status":"open","ping_status":"open","sticky":false,"template":"","format":"standard","meta":{"footnotes":""},"categories":[1],"tags":[],"_links":{"self":[{"href":"https:\/\/jeffersonisac.adv.br\/index.php\/wp-json\/wp\/v2\/posts\/15613"}],"collection":[{"href":"https:\/\/jeffersonisac.adv.br\/index.php\/wp-json\/wp\/v2\/posts"}],"about":[{"href":"https:\/\/jeffersonisac.adv.br\/index.php\/wp-json\/wp\/v2\/types\/post"}],"replies":[{"embeddable":true,"href":"https:\/\/jeffersonisac.adv.br\/index.php\/wp-json\/wp\/v2\/comments?post=15613"}],"version-history":[{"count":0,"href":"https:\/\/jeffersonisac.adv.br\/index.php\/wp-json\/wp\/v2\/posts\/15613\/revisions"}],"wp:attachment":[{"href":"https:\/\/jeffersonisac.adv.br\/index.php\/wp-json\/wp\/v2\/media?parent=15613"}],"wp:term":[{"taxonomy":"category","embeddable":true,"href":"https:\/\/jeffersonisac.adv.br\/index.php\/wp-json\/wp\/v2\/categories?post=15613"},{"taxonomy":"post_tag","embeddable":true,"href":"https:\/\/jeffersonisac.adv.br\/index.php\/wp-json\/wp\/v2\/tags?post=15613"}],"curies":[{"name":"wp","href":"https:\/\/api.w.org\/{rel}","templated":true}]}}