{"id":15616,"date":"2026-03-16T09:25:40","date_gmt":"2026-03-16T12:25:40","guid":{"rendered":"https:\/\/jeffersonisac.adv.br\/index.php\/2026\/03\/16\/relator-apresenta-parecer-sobre-novas-regras-do-seguro-defeso-nesta-terca\/"},"modified":"2026-03-16T09:25:40","modified_gmt":"2026-03-16T12:25:40","slug":"relator-apresenta-parecer-sobre-novas-regras-do-seguro-defeso-nesta-terca","status":"publish","type":"post","link":"https:\/\/jeffersonisac.adv.br\/index.php\/2026\/03\/16\/relator-apresenta-parecer-sobre-novas-regras-do-seguro-defeso-nesta-terca\/","title":{"rendered":"Relator apresenta parecer sobre novas regras do seguro-defeso nesta ter\u00e7a"},"content":{"rendered":"<div class=\"image-container\">\n<div class=\"midia-creditos\"><em>Marcelo Camargo\/Ag\u00eancia Brasil<\/em><\/div>\n<div class=\"media-wrapper\"><\/div>\n<div class=\"midia-legenda\">MP instituiu novas regras para o seguro-defeso<\/div>\n<\/div>\n<p>O senador Beto Faro (PT-PA) deve apresentar nesta ter\u00e7a-feira (17), \u00e0s 14h30, no plen\u00e1rio 2 da Ala Nilo Coelho, no Senado, seu relat\u00f3rio sobre a medida provis\u00f3ria que instituiu novas regras para o chamado seguro-defeso (<a href=\"https:\/\/www.camara.leg.br\/noticias\/1219454-mp-1323-25-mp-vincula-pagamento-de-seguro-defeso-a-dados-biometricos-de-pescadores\">MP 1323\/25<\/a>). A reuni\u00e3o estava marcada para a semana passada, mas foi adiada.<\/p>\n<p>&#8211; <a href=\"https:\/\/legis.senado.leg.br\/atividade\/comissoes\/comissao\/2823\/reuniao\/14483\">Veja a pauta<\/a><\/p>\n<p>O seguro-defeso \u00e9 um aux\u00edlio pago pelo governo federal aos pescadores artesanais que n\u00e3o podem trabalhar nos per\u00edodos em que sua atividade \u00e9 proibida (para permitir a reprodu\u00e7\u00e3o das diferentes esp\u00e9cies de peixes).<\/p>\n<p>O valor pago corresponde a um sal\u00e1rio m\u00ednimo mensal durante o per\u00edodo de proibi\u00e7\u00e3o.<\/p>\n<p><strong>Novas exig\u00eancias<br \/>\n<\/strong>Em vigor desde novembro de 2025, a medida provis\u00f3ria transferiu do INSS para o Minist\u00e9rio do Trabalho a responsabilidade de processar os pedidos do seguro-defeso.<\/p>\n<p>Al\u00e9m disso, a MP aumentou as exig\u00eancias do procedimento. Os pescadores benefici\u00e1rios precisam:<\/p>\n<p>estar inscritos no Cadastro \u00danico para Programas Sociais do Governo Federal (Cad\u00danico);<br \/>\napresentar dados biom\u00e9tricos (de modo a evitar fraudes); e<br \/>\natender a novos requisitos para concess\u00e3o e manuten\u00e7\u00e3o do benef\u00edcio.<\/p>\n<p>Durante as audi\u00eancias p\u00fablicas promovidas pela comiss\u00e3o mista, houve parlamentares e trabalhadores que criticaram as novas regras \u2014 relatando, por exemplo, dificuldades de acesso ao seguro-defeso.<\/p>\n<p>Por outro lado, representantes do governo destacaram que o objetivo da medida provis\u00f3ria \u00e9 combater fraudes.<\/p>\n<p><strong>A comiss\u00e3o<br \/>\n<\/strong>A comiss\u00e3o de senadores e deputados federais que analisa a MP foi instalada em 3 de fevereiro.<\/p>\n<p>O presidente do colegiado \u00e9 o deputado Josenildo (PDT-AP); o relator \u00e9 o senador Beto Faro (PT-PA); o relator-revisor \u00e9 o deputado Sidney Leite (PSD-AM).<\/p>","protected":false},"excerpt":{"rendered":"<p>Marcelo Camargo\/Ag\u00eancia Brasil MP instituiu novas regras para o seguro-defeso O senador Beto Faro (PT-PA) deve apresentar nesta ter\u00e7a-feira (17), \u00e0s 14h30, no plen\u00e1rio 2 da Ala Nilo Coelho, no Senado, seu relat\u00f3rio sobre a medida provis\u00f3ria que instituiu novas regras para o chamado seguro-defeso (MP 1323\/25). A reuni\u00e3o estava marcada para a semana passada, [&hellip;]<\/p>\n","protected":false},"author":0,"featured_media":0,"comment_status":"open","ping_status":"open","sticky":false,"template":"","format":"standard","meta":{"footnotes":""},"categories":[1],"tags":[],"_links":{"self":[{"href":"https:\/\/jeffersonisac.adv.br\/index.php\/wp-json\/wp\/v2\/posts\/15616"}],"collection":[{"href":"https:\/\/jeffersonisac.adv.br\/index.php\/wp-json\/wp\/v2\/posts"}],"about":[{"href":"https:\/\/jeffersonisac.adv.br\/index.php\/wp-json\/wp\/v2\/types\/post"}],"replies":[{"embeddable":true,"href":"https:\/\/jeffersonisac.adv.br\/index.php\/wp-json\/wp\/v2\/comments?post=15616"}],"version-history":[{"count":0,"href":"https:\/\/jeffersonisac.adv.br\/index.php\/wp-json\/wp\/v2\/posts\/15616\/revisions"}],"wp:attachment":[{"href":"https:\/\/jeffersonisac.adv.br\/index.php\/wp-json\/wp\/v2\/media?parent=15616"}],"wp:term":[{"taxonomy":"category","embeddable":true,"href":"https:\/\/jeffersonisac.adv.br\/index.php\/wp-json\/wp\/v2\/categories?post=15616"},{"taxonomy":"post_tag","embeddable":true,"href":"https:\/\/jeffersonisac.adv.br\/index.php\/wp-json\/wp\/v2\/tags?post=15616"}],"curies":[{"name":"wp","href":"https:\/\/api.w.org\/{rel}","templated":true}]}}