{"id":15617,"date":"2026-03-16T09:25:40","date_gmt":"2026-03-16T12:25:40","guid":{"rendered":"https:\/\/jeffersonisac.adv.br\/index.php\/2026\/03\/16\/comissao-debate-mudancas-em-repasses-no-fundo-de-participacao-dos-municipios-com-representantes-do-sul-e-sudeste\/"},"modified":"2026-03-16T09:25:40","modified_gmt":"2026-03-16T12:25:40","slug":"comissao-debate-mudancas-em-repasses-no-fundo-de-participacao-dos-municipios-com-representantes-do-sul-e-sudeste","status":"publish","type":"post","link":"https:\/\/jeffersonisac.adv.br\/index.php\/2026\/03\/16\/comissao-debate-mudancas-em-repasses-no-fundo-de-participacao-dos-municipios-com-representantes-do-sul-e-sudeste\/","title":{"rendered":"Comiss\u00e3o debate mudan\u00e7as em repasses no Fundo de Participa\u00e7\u00e3o dos Munic\u00edpios com representantes do Sul e Sudeste"},"content":{"rendered":"<div class=\"image-container\">\n<div class=\"midia-creditos\"><em>Prefeitura Municipal de Pouso Alegre<\/em><\/div>\n<div class=\"media-wrapper\"><\/div>\n<div class=\"midia-legenda\">Debate reunir\u00e1 representantes do Sul e do Sudeste<\/div>\n<\/div>\n<p>A comiss\u00e3o especial que analisa a proposta de emenda \u00e0 Constitui\u00e7\u00e3o sobre o aumento de repasses de recursos federais aos munic\u00edpios (<a class=\"linkProposicao\" href=\"https:\/\/www.camara.leg.br\/noticias\/633247-pec-aumenta-em-um-ponto-percentual-recursos-destinados-ao-fpm\">PEC 231\/19<\/a>) realiza, nesta ter\u00e7a-feira (17), audi\u00eancia p\u00fablica para discutir os impactos das mudan\u00e7as no setor produtivo do Sul e do Sudeste. A audi\u00eancia integra a fase de instru\u00e7\u00e3o da proposta.<\/p>\n<p>O debate ser\u00e1 realizado \u00e0s 14 horas, no plen\u00e1rio 7.<\/p>\n<p>&#8211; <a href=\"https:\/\/www.camara.leg.br\/evento-legislativo\/81244\">Veja quem foi convidado<\/a><\/p>\n<p>A comiss\u00e3o foi criada para analisar a PEC que, em um de seus pontos, aumenta de 49% para 51% a porcentagem que a Uni\u00e3o entregar\u00e1 a estados e munic\u00edpios do produto da arrecada\u00e7\u00e3o dos impostos sobre renda e proventos de qualquer natureza e sobre produtos industrializados.<\/p>\n<p>O debate atende a pedidos dos deputados Arnaldo Jardim (Cidadania-SP) e Cobalchini (MDB-SC)<\/p>\n<p>Segundo Arnaldo Jardim, a audi\u00eancia p\u00fablica permitir\u00e1 discutir o fortalecimento do pacto fiscal-federativo e garantir recursos regulares para que os governos locais financiem pol\u00edticas p\u00fablicas essenciais, como sa\u00fade, educa\u00e7\u00e3o, saneamento e habita\u00e7\u00e3o de interesse social.<\/p>\n<p>Arnaldo Jardim acrescenta que a participa\u00e7\u00e3o de representantes dos estados envolvidos ser\u00e1 essencial para consolidar uma proposta t\u00e9cnica e equilibrada, que promova justi\u00e7a fiscal, competitividade regional e gera\u00e7\u00e3o de emprego e renda, contribuindo para o desenvolvimento integrado do Pa\u00eds.<\/p>","protected":false},"excerpt":{"rendered":"<p>Prefeitura Municipal de Pouso Alegre Debate reunir\u00e1 representantes do Sul e do Sudeste A comiss\u00e3o especial que analisa a proposta de emenda \u00e0 Constitui\u00e7\u00e3o sobre o aumento de repasses de recursos federais aos munic\u00edpios (PEC 231\/19) realiza, nesta ter\u00e7a-feira (17), audi\u00eancia p\u00fablica para discutir os impactos das mudan\u00e7as no setor produtivo do Sul e do [&hellip;]<\/p>\n","protected":false},"author":0,"featured_media":0,"comment_status":"open","ping_status":"open","sticky":false,"template":"","format":"standard","meta":{"footnotes":""},"categories":[1],"tags":[],"_links":{"self":[{"href":"https:\/\/jeffersonisac.adv.br\/index.php\/wp-json\/wp\/v2\/posts\/15617"}],"collection":[{"href":"https:\/\/jeffersonisac.adv.br\/index.php\/wp-json\/wp\/v2\/posts"}],"about":[{"href":"https:\/\/jeffersonisac.adv.br\/index.php\/wp-json\/wp\/v2\/types\/post"}],"replies":[{"embeddable":true,"href":"https:\/\/jeffersonisac.adv.br\/index.php\/wp-json\/wp\/v2\/comments?post=15617"}],"version-history":[{"count":0,"href":"https:\/\/jeffersonisac.adv.br\/index.php\/wp-json\/wp\/v2\/posts\/15617\/revisions"}],"wp:attachment":[{"href":"https:\/\/jeffersonisac.adv.br\/index.php\/wp-json\/wp\/v2\/media?parent=15617"}],"wp:term":[{"taxonomy":"category","embeddable":true,"href":"https:\/\/jeffersonisac.adv.br\/index.php\/wp-json\/wp\/v2\/categories?post=15617"},{"taxonomy":"post_tag","embeddable":true,"href":"https:\/\/jeffersonisac.adv.br\/index.php\/wp-json\/wp\/v2\/tags?post=15617"}],"curies":[{"name":"wp","href":"https:\/\/api.w.org\/{rel}","templated":true}]}}