{"id":15619,"date":"2026-03-16T10:27:58","date_gmt":"2026-03-16T13:27:58","guid":{"rendered":"https:\/\/jeffersonisac.adv.br\/index.php\/2026\/03\/16\/camara-200-anos-ouca-selecao-de-musicas-de-diferentes-momentos-da-historia-brasileira\/"},"modified":"2026-03-16T10:27:58","modified_gmt":"2026-03-16T13:27:58","slug":"camara-200-anos-ouca-selecao-de-musicas-de-diferentes-momentos-da-historia-brasileira","status":"publish","type":"post","link":"https:\/\/jeffersonisac.adv.br\/index.php\/2026\/03\/16\/camara-200-anos-ouca-selecao-de-musicas-de-diferentes-momentos-da-historia-brasileira\/","title":{"rendered":"C\u00e2mara 200 anos: ou\u00e7a sele\u00e7\u00e3o de m\u00fasicas de diferentes momentos da hist\u00f3ria brasileira"},"content":{"rendered":"<div class=\"image-container\">\n<div class=\"media-wrapper\"><\/div>\n<\/div>\n<p>Como parte das celebra\u00e7\u00f5es de seus 200 anos, a C\u00e2mara dos Deputados realiza a campanha \u201c200 Brasis\u201d, com a cria\u00e7\u00e3o de uma lista de can\u00e7\u00f5es que contribuem para o entendimento da brasilidade e para o fortalecimento dos valores nacionais e das institui\u00e7\u00f5es democr\u00e1ticas.<\/p>\n<p>A <em>playlist<\/em> <a href=\"https:\/\/especial.camara.leg.br\/lancamento-200-anos-da-camara-dos-deputados\/\">pode ser acessada aqui<\/a> ou pela plataforma <a href=\"https:\/\/open.spotify.com\/playlist\/0B0QYuWrfrr6oIZkFOvi6M?si=MWrtGsK6TM6mbKSoZPQvIg&amp;nd=1&amp;dlsi=a6c452cec0784e82\">Spotify<\/a><\/p>\n<p>Inicialmente, o projeto est\u00e1 sendo lan\u00e7ado com 100 t\u00edtulos \u2013 um repert\u00f3rio de cerca de seis horas de \u00e1udio, que inclui m\u00fasicas como: \u201cMaria Moita\u201d, de Carlos Lyra; \u201cNa cad\u00eancia do samba\u201d, com C\u00e1ssia Eller; \u201cFu\u00e1 na Casa de Cabral\u201d, de Mestre Ambr\u00f3sio; \u201cMoro onde n\u00e3o mora ningu\u00e9m\u201d, na voz de Agep\u00ea; e \u201cLata d\u2019\u00e1gua\u201d, de Elza Soares. Ao longo do ano, mais can\u00e7\u00f5es entrar\u00e3o na <em>playlist<\/em>, atingindo um total de 200 at\u00e9 dezembro.<\/p>\n<p>A ideia \u00e9 valorizar a pluralidade de g\u00eaneros, representar os diferentes momentos da hist\u00f3ria brasileira e enaltecer a riqueza do acervo musical do pa\u00eds.<\/p>\n<p><strong>Lista colaborativa<br \/>\n<\/strong>Em dezembro de 2025, a Diretoria Executiva de Comunica\u00e7\u00e3o e M\u00eddias Digitais convidou colaboradores da Casa \u2014 entusiastas, m\u00fasicos, DJs e aficionados por m\u00fasica brasileira \u2014 a participar do projeto. Em janeiro e fevereiro, os interessados enviaram sugest\u00f5es para a R\u00e1dio C\u00e2mara, que tem feito a curadoria da lista de can\u00e7\u00f5es representativas do Brasil.<\/p>","protected":false},"excerpt":{"rendered":"<p>Como parte das celebra\u00e7\u00f5es de seus 200 anos, a C\u00e2mara dos Deputados realiza a campanha \u201c200 Brasis\u201d, com a cria\u00e7\u00e3o de uma lista de can\u00e7\u00f5es que contribuem para o entendimento da brasilidade e para o fortalecimento dos valores nacionais e das institui\u00e7\u00f5es democr\u00e1ticas. A playlist pode ser acessada aqui ou pela plataforma Spotify Inicialmente, o [&hellip;]<\/p>\n","protected":false},"author":0,"featured_media":0,"comment_status":"open","ping_status":"open","sticky":false,"template":"","format":"standard","meta":{"footnotes":""},"categories":[1],"tags":[],"_links":{"self":[{"href":"https:\/\/jeffersonisac.adv.br\/index.php\/wp-json\/wp\/v2\/posts\/15619"}],"collection":[{"href":"https:\/\/jeffersonisac.adv.br\/index.php\/wp-json\/wp\/v2\/posts"}],"about":[{"href":"https:\/\/jeffersonisac.adv.br\/index.php\/wp-json\/wp\/v2\/types\/post"}],"replies":[{"embeddable":true,"href":"https:\/\/jeffersonisac.adv.br\/index.php\/wp-json\/wp\/v2\/comments?post=15619"}],"version-history":[{"count":0,"href":"https:\/\/jeffersonisac.adv.br\/index.php\/wp-json\/wp\/v2\/posts\/15619\/revisions"}],"wp:attachment":[{"href":"https:\/\/jeffersonisac.adv.br\/index.php\/wp-json\/wp\/v2\/media?parent=15619"}],"wp:term":[{"taxonomy":"category","embeddable":true,"href":"https:\/\/jeffersonisac.adv.br\/index.php\/wp-json\/wp\/v2\/categories?post=15619"},{"taxonomy":"post_tag","embeddable":true,"href":"https:\/\/jeffersonisac.adv.br\/index.php\/wp-json\/wp\/v2\/tags?post=15619"}],"curies":[{"name":"wp","href":"https:\/\/api.w.org\/{rel}","templated":true}]}}