{"id":15620,"date":"2026-03-16T10:27:58","date_gmt":"2026-03-16T13:27:58","guid":{"rendered":"https:\/\/jeffersonisac.adv.br\/index.php\/2026\/03\/16\/comissoes-de-previdencia-e-trabalho-cancelam-debate-sobre-trabalho-infantil-digital\/"},"modified":"2026-03-16T10:27:58","modified_gmt":"2026-03-16T13:27:58","slug":"comissoes-de-previdencia-e-trabalho-cancelam-debate-sobre-trabalho-infantil-digital","status":"publish","type":"post","link":"https:\/\/jeffersonisac.adv.br\/index.php\/2026\/03\/16\/comissoes-de-previdencia-e-trabalho-cancelam-debate-sobre-trabalho-infantil-digital\/","title":{"rendered":"Comiss\u00f5es de Previd\u00eancia e Trabalho cancelam debate sobre trabalho infantil digital"},"content":{"rendered":"<div class=\"image-container\">\n<div class=\"midia-creditos\"><em>Pablo Valadares \/ C\u00e2mara dos Deputados<\/em><\/div>\n<div class=\"media-wrapper\"><\/div>\n<div class=\"midia-legenda\">Deputada Fl\u00e1via Morais, que pediu a audi\u00eancia p\u00fablica<\/div>\n<\/div>\n<p>As comiss\u00f5es de Previd\u00eancia, Assist\u00eancia Social, Inf\u00e2ncia, Adolesc\u00eancia e Fam\u00edlia; e de Trabalho da C\u00e2mara dos Deputados cancelaram o debate que fariam nesta ter\u00e7a-feira (17), sobre o trabalho infantil digital.<\/p>\n<p>O debate atende a pedido da deputada Fl\u00e1via Morais (PDT-GO). Segundo a parlamentar, o trabalho infantil na internet, muitas vezes visto pela sociedade como entretenimento, passou a se tornar fonte de renda para diversas fam\u00edlias, especialmente em atividades publicit\u00e1rias realizadas por crian\u00e7as e adolescentes nas redes sociais.<\/p>","protected":false},"excerpt":{"rendered":"<p>Pablo Valadares \/ C\u00e2mara dos Deputados Deputada Fl\u00e1via Morais, que pediu a audi\u00eancia p\u00fablica As comiss\u00f5es de Previd\u00eancia, Assist\u00eancia Social, Inf\u00e2ncia, Adolesc\u00eancia e Fam\u00edlia; e de Trabalho da C\u00e2mara dos Deputados cancelaram o debate que fariam nesta ter\u00e7a-feira (17), sobre o trabalho infantil digital. O debate atende a pedido da deputada Fl\u00e1via Morais (PDT-GO). Segundo [&hellip;]<\/p>\n","protected":false},"author":0,"featured_media":0,"comment_status":"open","ping_status":"open","sticky":false,"template":"","format":"standard","meta":{"footnotes":""},"categories":[1],"tags":[],"_links":{"self":[{"href":"https:\/\/jeffersonisac.adv.br\/index.php\/wp-json\/wp\/v2\/posts\/15620"}],"collection":[{"href":"https:\/\/jeffersonisac.adv.br\/index.php\/wp-json\/wp\/v2\/posts"}],"about":[{"href":"https:\/\/jeffersonisac.adv.br\/index.php\/wp-json\/wp\/v2\/types\/post"}],"replies":[{"embeddable":true,"href":"https:\/\/jeffersonisac.adv.br\/index.php\/wp-json\/wp\/v2\/comments?post=15620"}],"version-history":[{"count":0,"href":"https:\/\/jeffersonisac.adv.br\/index.php\/wp-json\/wp\/v2\/posts\/15620\/revisions"}],"wp:attachment":[{"href":"https:\/\/jeffersonisac.adv.br\/index.php\/wp-json\/wp\/v2\/media?parent=15620"}],"wp:term":[{"taxonomy":"category","embeddable":true,"href":"https:\/\/jeffersonisac.adv.br\/index.php\/wp-json\/wp\/v2\/categories?post=15620"},{"taxonomy":"post_tag","embeddable":true,"href":"https:\/\/jeffersonisac.adv.br\/index.php\/wp-json\/wp\/v2\/tags?post=15620"}],"curies":[{"name":"wp","href":"https:\/\/api.w.org\/{rel}","templated":true}]}}