{"id":15621,"date":"2026-03-16T11:26:28","date_gmt":"2026-03-16T14:26:28","guid":{"rendered":"https:\/\/jeffersonisac.adv.br\/index.php\/2026\/03\/16\/morre-aos-58-anos-o-ex-deputado-federal-professor-paulo-fernando\/"},"modified":"2026-03-16T11:26:28","modified_gmt":"2026-03-16T14:26:28","slug":"morre-aos-58-anos-o-ex-deputado-federal-professor-paulo-fernando","status":"publish","type":"post","link":"https:\/\/jeffersonisac.adv.br\/index.php\/2026\/03\/16\/morre-aos-58-anos-o-ex-deputado-federal-professor-paulo-fernando\/","title":{"rendered":"Morre, aos 58 anos, o ex-deputado federal Professor Paulo Fernando"},"content":{"rendered":"<div class=\"image-container\">\n<div class=\"midia-creditos\"><em>Zeca Ribeiro\/C\u00e2mara dos Deputados<\/em><\/div>\n<div class=\"media-wrapper\"><\/div>\n<div class=\"midia-legenda\">Professor Paulo Fernando exerceu o mandato em 2023<\/div>\n<\/div>\n<p>Morreu no \u00faltimo s\u00e1bado (14), aos 58 anos, o ex-deputado federal Professor Paulo Fernando (Republicanos-DF). Advogado, jornalista e professor, ele exerceu mandato na C\u00e2mara dos Deputados entre 2023 e janeiro de 2024, na vaga de Julio Cesar Ribeiro (Republicanos-DF).<\/p>\n<p>Na condi\u00e7\u00e3o de suplente, tomou posse em mar\u00e7o de 2023. Depois, ocupou o cargo durante per\u00edodos de licen\u00e7a do titular, que era secret\u00e1rio de Esporte e Lazer do Distrito Federal. Em janeiro de 2024, deixou o mandato.<\/p>\n<p>Ele deixa a esposa e quatro filhos.<\/p>","protected":false},"excerpt":{"rendered":"<p>Zeca Ribeiro\/C\u00e2mara dos Deputados Professor Paulo Fernando exerceu o mandato em 2023 Morreu no \u00faltimo s\u00e1bado (14), aos 58 anos, o ex-deputado federal Professor Paulo Fernando (Republicanos-DF). Advogado, jornalista e professor, ele exerceu mandato na C\u00e2mara dos Deputados entre 2023 e janeiro de 2024, na vaga de Julio Cesar Ribeiro (Republicanos-DF). Na condi\u00e7\u00e3o de suplente, [&hellip;]<\/p>\n","protected":false},"author":0,"featured_media":0,"comment_status":"open","ping_status":"open","sticky":false,"template":"","format":"standard","meta":{"footnotes":""},"categories":[1],"tags":[],"_links":{"self":[{"href":"https:\/\/jeffersonisac.adv.br\/index.php\/wp-json\/wp\/v2\/posts\/15621"}],"collection":[{"href":"https:\/\/jeffersonisac.adv.br\/index.php\/wp-json\/wp\/v2\/posts"}],"about":[{"href":"https:\/\/jeffersonisac.adv.br\/index.php\/wp-json\/wp\/v2\/types\/post"}],"replies":[{"embeddable":true,"href":"https:\/\/jeffersonisac.adv.br\/index.php\/wp-json\/wp\/v2\/comments?post=15621"}],"version-history":[{"count":0,"href":"https:\/\/jeffersonisac.adv.br\/index.php\/wp-json\/wp\/v2\/posts\/15621\/revisions"}],"wp:attachment":[{"href":"https:\/\/jeffersonisac.adv.br\/index.php\/wp-json\/wp\/v2\/media?parent=15621"}],"wp:term":[{"taxonomy":"category","embeddable":true,"href":"https:\/\/jeffersonisac.adv.br\/index.php\/wp-json\/wp\/v2\/categories?post=15621"},{"taxonomy":"post_tag","embeddable":true,"href":"https:\/\/jeffersonisac.adv.br\/index.php\/wp-json\/wp\/v2\/tags?post=15621"}],"curies":[{"name":"wp","href":"https:\/\/api.w.org\/{rel}","templated":true}]}}