{"id":15622,"date":"2026-03-16T11:26:28","date_gmt":"2026-03-16T14:26:28","guid":{"rendered":"https:\/\/jeffersonisac.adv.br\/index.php\/2026\/03\/16\/comissao-aprova-protecao-a-mulheres-antes-de-revogar-medidas\/"},"modified":"2026-03-16T11:26:28","modified_gmt":"2026-03-16T14:26:28","slug":"comissao-aprova-protecao-a-mulheres-antes-de-revogar-medidas","status":"publish","type":"post","link":"https:\/\/jeffersonisac.adv.br\/index.php\/2026\/03\/16\/comissao-aprova-protecao-a-mulheres-antes-de-revogar-medidas\/","title":{"rendered":"Comiss\u00e3o aprova prote\u00e7\u00e3o a mulheres antes de revogar medidas"},"content":{"rendered":"<div class=\"image-container\">\n<div class=\"midia-creditos\"><em>Vinicius Loures\/C\u00e2mara dos Deputados<\/em><\/div>\n<div class=\"media-wrapper\"><\/div>\n<div class=\"midia-legenda\">Laura Carneiro, relatora da proposta<\/div>\n<\/div>\n<p>A Comiss\u00e3o de Constitui\u00e7\u00e3o e Justi\u00e7a e de Cidadania da C\u00e2mara dos Deputados aprovou projeto de lei condicionando a revoga\u00e7\u00e3o de medidas protetivas de urg\u00eancia do agressor \u00e0 manifesta\u00e7\u00e3o pr\u00e9via da mulher v\u00edtima de viol\u00eancia dom\u00e9stica e familiar.<\/p>\n<p>Al\u00e9m disso, a proposta determina a realiza\u00e7\u00e3o da chamada audi\u00eancia de admoesta\u00e7\u00e3o para a soltura de agressor em caso de revoga\u00e7\u00e3o de pris\u00e3o preventiva. Nessa audi\u00eancia, o juiz dever\u00e1 advertir o agressor sobre a necessidade de cumprimento das medidas protetivas que lhe forem impostas. A audi\u00eancia dever\u00e1 ser realizada em at\u00e9 48 horas da decis\u00e3o de soltar o r\u00e9u. As medidas s\u00e3o inseridas na <a href=\"https:\/\/www2.camara.leg.br\/legin\/fed\/lei\/2006\/lei-11340-7-agosto-2006-545133-norma-pl.html\">Lei Maria da Penha<\/a>.<\/p>\n<p>Por recomenda\u00e7\u00e3o da relatora, deputada Laura Carneiro (PSD-RJ), foi aprovado o <span class=\"termoGlossario\">substitutivo<\/span> <a href=\"https:\/\/www.camara.leg.br\/noticias\/809810-COMISSAO-APROVA-PROPOSTA-QUE-CONDICIONA-REVOGACAO-DE-MEDIDAS-PROTETIVAS-A-OITIVA-PREVIA-DA-AGREDIDA\">da Comiss\u00e3o de Defesa dos Direitos da Mulher<\/a> ao <a class=\"linkProposicao\" href=\"https:\/\/www.camara.leg.br\/noticias\/545375-proposta-altera-lei-maria-da-penha-e-obriga-realizacao-de-audiencia-antes-de-soltura-de-agressor\">Projeto de Lei 10019\/18<\/a>, do Senado, e oito <span class=\"termoGlossario\">apensados<\/span> (PLs 2939\/15, 8320\/17, 3418\/19, 6010\/19, 1025\/21, 2454\/23, 3111\/23 e 5778\/23).<\/p>\n<p>Laura Carneiro defendeu que o contato com a v\u00edtima deve ser realizado pela equipe t\u00e9cnica da vara especializada, por equipamento da Rede de Enfrentamento \u00e0 Viol\u00eancia da regi\u00e3o de seu domic\u00edlio ou, ainda, pelo pr\u00f3prio ju\u00edzo da vara de viol\u00eancia dom\u00e9stica e familiar. &#8220;O que evitar\u00e1 o contato direto com o agressor e a poss\u00edvel revitimiza\u00e7\u00e3o da ofendida&#8221;, disse.<\/p>\n<p><strong>Medidas protetivas<\/strong><br \/>\nEntre as medidas protetivas previstas na Lei Maria da Penha, est\u00e3o a suspens\u00e3o do porte de arma, o afastamento do lar ou a proibi\u00e7\u00e3o de aproxima\u00e7\u00e3o da v\u00edtima.<\/p>\n<p>A pris\u00e3o preventiva \u00e9 aquela feita no curso da investiga\u00e7\u00e3o do crime, a fim de garantir a investiga\u00e7\u00e3o, impedir a fuga ou garantir a seguran\u00e7a das v\u00edtimas.<\/p>\n<p><strong>Pr\u00f3ximos passos<\/strong><br \/>\nComo a proposta foi alterada pela C\u00e2mara, ela retorna ao Senado. Para virar lei, precisa ser aprovada pelos deputados e pelos senadores.<\/p>\n<p><a href=\"https:\/\/www.camara.leg.br\/noticias\/573454-SAIBA-MAIS-SOBRE-A-TRAMITACAO-DE-PROJETOS-DE-LEI\">Saiba mais sobre a tramita\u00e7\u00e3o de projetos de lei<\/a><\/p>","protected":false},"excerpt":{"rendered":"<p>Vinicius Loures\/C\u00e2mara dos Deputados Laura Carneiro, relatora da proposta A Comiss\u00e3o de Constitui\u00e7\u00e3o e Justi\u00e7a e de Cidadania da C\u00e2mara dos Deputados aprovou projeto de lei condicionando a revoga\u00e7\u00e3o de medidas protetivas de urg\u00eancia do agressor \u00e0 manifesta\u00e7\u00e3o pr\u00e9via da mulher v\u00edtima de viol\u00eancia dom\u00e9stica e familiar. Al\u00e9m disso, a proposta determina a realiza\u00e7\u00e3o da [&hellip;]<\/p>\n","protected":false},"author":0,"featured_media":0,"comment_status":"open","ping_status":"open","sticky":false,"template":"","format":"standard","meta":{"footnotes":""},"categories":[1],"tags":[],"_links":{"self":[{"href":"https:\/\/jeffersonisac.adv.br\/index.php\/wp-json\/wp\/v2\/posts\/15622"}],"collection":[{"href":"https:\/\/jeffersonisac.adv.br\/index.php\/wp-json\/wp\/v2\/posts"}],"about":[{"href":"https:\/\/jeffersonisac.adv.br\/index.php\/wp-json\/wp\/v2\/types\/post"}],"replies":[{"embeddable":true,"href":"https:\/\/jeffersonisac.adv.br\/index.php\/wp-json\/wp\/v2\/comments?post=15622"}],"version-history":[{"count":0,"href":"https:\/\/jeffersonisac.adv.br\/index.php\/wp-json\/wp\/v2\/posts\/15622\/revisions"}],"wp:attachment":[{"href":"https:\/\/jeffersonisac.adv.br\/index.php\/wp-json\/wp\/v2\/media?parent=15622"}],"wp:term":[{"taxonomy":"category","embeddable":true,"href":"https:\/\/jeffersonisac.adv.br\/index.php\/wp-json\/wp\/v2\/categories?post=15622"},{"taxonomy":"post_tag","embeddable":true,"href":"https:\/\/jeffersonisac.adv.br\/index.php\/wp-json\/wp\/v2\/tags?post=15622"}],"curies":[{"name":"wp","href":"https:\/\/api.w.org\/{rel}","templated":true}]}}