{"id":15624,"date":"2026-03-16T13:25:43","date_gmt":"2026-03-16T16:25:43","guid":{"rendered":"https:\/\/jeffersonisac.adv.br\/index.php\/2026\/03\/16\/comissao-da-camara-discute-planejamento-do-ciclo-olimpico-2025-2028-participe\/"},"modified":"2026-03-16T13:25:43","modified_gmt":"2026-03-16T16:25:43","slug":"comissao-da-camara-discute-planejamento-do-ciclo-olimpico-2025-2028-participe","status":"publish","type":"post","link":"https:\/\/jeffersonisac.adv.br\/index.php\/2026\/03\/16\/comissao-da-camara-discute-planejamento-do-ciclo-olimpico-2025-2028-participe\/","title":{"rendered":"Comiss\u00e3o da C\u00e2mara discute planejamento do ciclo ol\u00edmpico 2025-2028; participe"},"content":{"rendered":"<div class=\"image-container\">\n<div class=\"midia-creditos\"><em>Miriam Jeske\/COB<\/em><\/div>\n<div class=\"media-wrapper\"><\/div>\n<div class=\"midia-legenda\">Os Jogos Ol\u00edmpicos acontecem a cada 4 anos; em 2024, foram realizados em Paris<\/div>\n<\/div>\n<p>A Comiss\u00e3o do Esporte da C\u00e2mara dos Deputados realiza, nesta quarta-feira (18), audi\u00eancia p\u00fablica para discutir o balan\u00e7o, a gest\u00e3o e o planejamento do ciclo ol\u00edmpico 2025-2028.<\/p>\n<p>O debate ser\u00e1 realizado \u00e0s 17 horas, no plen\u00e1rio 4, e ser\u00e1 interativo.<\/p>\n<p><a href=\"https:\/\/www.camara.leg.br\/evento-legislativo\/81150\">Veja a pauta completa e envie suas perguntas<\/a><\/p>\n<p>A reuni\u00e3o atende a pedido do deputado Sergio Santos Rodrigues (Pode-MG). O objetivo \u00e9 promover di\u00e1logo entre a comiss\u00e3o e o Comit\u00ea Ol\u00edmpico do Brasil (COB), respons\u00e1vel pela coordena\u00e7\u00e3o do esporte ol\u00edmpico no pa\u00eds e pela prepara\u00e7\u00e3o de atletas e delega\u00e7\u00f5es brasileiras para competi\u00e7\u00f5es internacionais.<\/p>\n<p>Sergio Santos Rodrigues afirma que o in\u00edcio de um novo ciclo ol\u00edmpico exige:<\/p>\n<p>planejamento estruturado;<br \/>\ndefini\u00e7\u00e3o de metas;<br \/>\ncrit\u00e9rios de investimento;<br \/>\nprogramas de desenvolvimento de atletas; e<br \/>\nestrat\u00e9gias de governan\u00e7a e transpar\u00eancia na aplica\u00e7\u00e3o de recursos p\u00fablicos e privados.<\/p>\n<p>O deputado acrescenta que essas medidas t\u00eam impacto direto no desempenho esportivo do pa\u00eds e na utiliza\u00e7\u00e3o de recursos provenientes de loterias federais e de incentivos p\u00fablicos destinados ao esporte.<\/p>","protected":false},"excerpt":{"rendered":"<p>Miriam Jeske\/COB Os Jogos Ol\u00edmpicos acontecem a cada 4 anos; em 2024, foram realizados em Paris A Comiss\u00e3o do Esporte da C\u00e2mara dos Deputados realiza, nesta quarta-feira (18), audi\u00eancia p\u00fablica para discutir o balan\u00e7o, a gest\u00e3o e o planejamento do ciclo ol\u00edmpico 2025-2028. O debate ser\u00e1 realizado \u00e0s 17 horas, no plen\u00e1rio 4, e ser\u00e1 [&hellip;]<\/p>\n","protected":false},"author":0,"featured_media":0,"comment_status":"open","ping_status":"open","sticky":false,"template":"","format":"standard","meta":{"footnotes":""},"categories":[1],"tags":[],"_links":{"self":[{"href":"https:\/\/jeffersonisac.adv.br\/index.php\/wp-json\/wp\/v2\/posts\/15624"}],"collection":[{"href":"https:\/\/jeffersonisac.adv.br\/index.php\/wp-json\/wp\/v2\/posts"}],"about":[{"href":"https:\/\/jeffersonisac.adv.br\/index.php\/wp-json\/wp\/v2\/types\/post"}],"replies":[{"embeddable":true,"href":"https:\/\/jeffersonisac.adv.br\/index.php\/wp-json\/wp\/v2\/comments?post=15624"}],"version-history":[{"count":0,"href":"https:\/\/jeffersonisac.adv.br\/index.php\/wp-json\/wp\/v2\/posts\/15624\/revisions"}],"wp:attachment":[{"href":"https:\/\/jeffersonisac.adv.br\/index.php\/wp-json\/wp\/v2\/media?parent=15624"}],"wp:term":[{"taxonomy":"category","embeddable":true,"href":"https:\/\/jeffersonisac.adv.br\/index.php\/wp-json\/wp\/v2\/categories?post=15624"},{"taxonomy":"post_tag","embeddable":true,"href":"https:\/\/jeffersonisac.adv.br\/index.php\/wp-json\/wp\/v2\/tags?post=15624"}],"curies":[{"name":"wp","href":"https:\/\/api.w.org\/{rel}","templated":true}]}}