{"id":15625,"date":"2026-03-16T13:25:43","date_gmt":"2026-03-16T16:25:43","guid":{"rendered":"https:\/\/jeffersonisac.adv.br\/index.php\/2026\/03\/16\/comissao-da-camara-debate-concessoes-das-brs-116-e-324-na-bahia\/"},"modified":"2026-03-16T13:25:43","modified_gmt":"2026-03-16T16:25:43","slug":"comissao-da-camara-debate-concessoes-das-brs-116-e-324-na-bahia","status":"publish","type":"post","link":"https:\/\/jeffersonisac.adv.br\/index.php\/2026\/03\/16\/comissao-da-camara-debate-concessoes-das-brs-116-e-324-na-bahia\/","title":{"rendered":"Comiss\u00e3o da C\u00e2mara debate concess\u00f5es das BRs 116 e 324 na Bahia"},"content":{"rendered":"<div class=\"image-container\">\n<div class=\"midia-creditos\"><em>Depositphotos<\/em><\/div>\n<div class=\"media-wrapper\"><\/div>\n<div class=\"midia-legenda\">Defici\u00eancias em rodovias aumentam custos operacionais e o pre\u00e7o final das mercadorias<\/div>\n<\/div>\n<p>A Comiss\u00e3o de Via\u00e7\u00e3o e Transportes da C\u00e2mara dos Deputados realiza, na ter\u00e7a-feira (17), \u00e0s 14 horas, audi\u00eancia p\u00fablica para discutir o andamento das concess\u00f5es das BRs 116 e 324, na Bahia. O encontro ser\u00e1 no plen\u00e1rio 11 e foi solicitado pelo deputado Cl\u00e1udio Cajado (PP-BA).<\/p>\n<p><a href=\"https:\/\/www.camara.leg.br\/evento-legislativo\/81221\">Veja quem foi convidado para falar sobre o assunto<\/a><\/p>\n<p>O objetivo \u00e9 promover um amplo debate sobre os desdobramentos e perspectivas futuras das concess\u00f5es das rodovias BR-116 e BR-324, ap\u00f3s a finaliza\u00e7\u00e3o do contrato da antiga concession\u00e1ria Via Bahia.<\/p>\n<p>Cl\u00e1udio Cajado quer discutir:<\/p>\n<p>a transpar\u00eancia no processo licitat\u00f3rio e nas obriga\u00e7\u00f5es contratuais do novo projeto de concess\u00e3o;<br \/>\na duplica\u00e7\u00e3o de trechos e manuten\u00e7\u00e3o das rodovias;<br \/>\na pol\u00edtica tarif\u00e1ria e seus impactos diretos sobre os usu\u00e1rios;<br \/>\nos reflexos no transporte de cargas e passageiros, fundamentais para a economia da Bahia e do Nordeste.<\/p>\n<p>O deputado afirma que, em janeiro, a Ag\u00eancia Nacional de Transportes Terrestres (ANTT) autorizou o envio ao Tribunal de Contas da Uni\u00e3o (TCU) do processo de desestatiza\u00e7\u00e3o do sistema rodovi\u00e1rio das BR-116 e BR-324, denominado Rota 2 de Julho.<\/p>\n<p>&#8220;As BR-116 e BR-324 constituem importantes corredores log\u00edsticos da Bahia e da regi\u00e3o Nordeste&#8221;, afirma Cajado. &#8220;Qualquer defici\u00eancia estrutural ou aumento de custos operacionais tende a repercutir no pre\u00e7o final das mercadorias e servi\u00e7os, afetando especialmente a popula\u00e7\u00e3o do interior&#8221;, alerta.<\/p>","protected":false},"excerpt":{"rendered":"<p>Depositphotos Defici\u00eancias em rodovias aumentam custos operacionais e o pre\u00e7o final das mercadorias A Comiss\u00e3o de Via\u00e7\u00e3o e Transportes da C\u00e2mara dos Deputados realiza, na ter\u00e7a-feira (17), \u00e0s 14 horas, audi\u00eancia p\u00fablica para discutir o andamento das concess\u00f5es das BRs 116 e 324, na Bahia. O encontro ser\u00e1 no plen\u00e1rio 11 e foi solicitado pelo [&hellip;]<\/p>\n","protected":false},"author":0,"featured_media":0,"comment_status":"open","ping_status":"open","sticky":false,"template":"","format":"standard","meta":{"footnotes":""},"categories":[1],"tags":[],"_links":{"self":[{"href":"https:\/\/jeffersonisac.adv.br\/index.php\/wp-json\/wp\/v2\/posts\/15625"}],"collection":[{"href":"https:\/\/jeffersonisac.adv.br\/index.php\/wp-json\/wp\/v2\/posts"}],"about":[{"href":"https:\/\/jeffersonisac.adv.br\/index.php\/wp-json\/wp\/v2\/types\/post"}],"replies":[{"embeddable":true,"href":"https:\/\/jeffersonisac.adv.br\/index.php\/wp-json\/wp\/v2\/comments?post=15625"}],"version-history":[{"count":0,"href":"https:\/\/jeffersonisac.adv.br\/index.php\/wp-json\/wp\/v2\/posts\/15625\/revisions"}],"wp:attachment":[{"href":"https:\/\/jeffersonisac.adv.br\/index.php\/wp-json\/wp\/v2\/media?parent=15625"}],"wp:term":[{"taxonomy":"category","embeddable":true,"href":"https:\/\/jeffersonisac.adv.br\/index.php\/wp-json\/wp\/v2\/categories?post=15625"},{"taxonomy":"post_tag","embeddable":true,"href":"https:\/\/jeffersonisac.adv.br\/index.php\/wp-json\/wp\/v2\/tags?post=15625"}],"curies":[{"name":"wp","href":"https:\/\/api.w.org\/{rel}","templated":true}]}}