{"id":15628,"date":"2026-03-16T13:25:43","date_gmt":"2026-03-16T16:25:43","guid":{"rendered":"https:\/\/jeffersonisac.adv.br\/index.php\/2026\/03\/16\/comissao-debate-concessao-das-hidrovias-do-arco-norte\/"},"modified":"2026-03-16T13:25:43","modified_gmt":"2026-03-16T16:25:43","slug":"comissao-debate-concessao-das-hidrovias-do-arco-norte","status":"publish","type":"post","link":"https:\/\/jeffersonisac.adv.br\/index.php\/2026\/03\/16\/comissao-debate-concessao-das-hidrovias-do-arco-norte\/","title":{"rendered":"Comiss\u00e3o debate concess\u00e3o das hidrovias do Arco Norte"},"content":{"rendered":"<div class=\"image-container\">\n<div class=\"midia-creditos\"><em>Depositphotos<\/em><\/div>\n<div class=\"media-wrapper\"><\/div>\n<div class=\"midia-legenda\">O transporte hidrovi\u00e1rio \u00e9 mais eficiente energeticamente do que o rodovi\u00e1rio<\/div>\n<\/div>\n<p>A Comiss\u00e3o de Desenvolvimento Econ\u00f4mico da C\u00e2mara dos Deputados realiza, nesta ter\u00e7a-feira (17), audi\u00eancia p\u00fablica para discutir a concess\u00e3o das hidrovias do Arco Norte. O debate ser\u00e1 realizado \u00e0s 16 horas, em plen\u00e1rio a ser definido.<\/p>\n<p><a href=\"https:\/\/www.camara.leg.br\/evento-legislativo\/81261\">Veja quem foi convidado<\/a><\/p>\n<p>A reuni\u00e3o atende a pedido do deputado Jadyel Alencar (Republicanos-PI). Segundo o parlamentar, as hidrovias do Arco Norte representam uma oportunidade estrat\u00e9gica para promover o desenvolvimento econ\u00f4mico com responsabilidade ambiental na <span class=\"termoGlossario\">Amaz\u00f4nia Legal<\/span>.<\/p>\n<p><strong>Efici\u00eancia energ\u00e9tica<\/strong><br \/>\nJadyel Alencar (Republicanos-PI) acrescenta que o transporte hidrovi\u00e1rio apresenta menor emiss\u00e3o de carbono por tonelada transportada e maior efici\u00eancia energ\u00e9tica em compara\u00e7\u00e3o ao transporte rodovi\u00e1rio. Al\u00e9m disso, o modal hidrovi\u00e1rio reduz a press\u00e3o sobre as estradas e a necessidade de abrir novas vias terrestres.<\/p>\n<p>\u201cA concess\u00e3o estruturada desses ativos pode atrair investimentos privados, gerar empregos formais, estimular cadeias produtivas regionais e promover inclus\u00e3o econ\u00f4mica\u201d, lista Alencar.<\/p>\n<p>\u00a0<\/p>\n<div><\/div>\n<p>\u00a0<\/p>","protected":false},"excerpt":{"rendered":"<p>Depositphotos O transporte hidrovi\u00e1rio \u00e9 mais eficiente energeticamente do que o rodovi\u00e1rio A Comiss\u00e3o de Desenvolvimento Econ\u00f4mico da C\u00e2mara dos Deputados realiza, nesta ter\u00e7a-feira (17), audi\u00eancia p\u00fablica para discutir a concess\u00e3o das hidrovias do Arco Norte. O debate ser\u00e1 realizado \u00e0s 16 horas, em plen\u00e1rio a ser definido. Veja quem foi convidado A reuni\u00e3o atende [&hellip;]<\/p>\n","protected":false},"author":0,"featured_media":0,"comment_status":"open","ping_status":"open","sticky":false,"template":"","format":"standard","meta":{"footnotes":""},"categories":[1],"tags":[],"_links":{"self":[{"href":"https:\/\/jeffersonisac.adv.br\/index.php\/wp-json\/wp\/v2\/posts\/15628"}],"collection":[{"href":"https:\/\/jeffersonisac.adv.br\/index.php\/wp-json\/wp\/v2\/posts"}],"about":[{"href":"https:\/\/jeffersonisac.adv.br\/index.php\/wp-json\/wp\/v2\/types\/post"}],"replies":[{"embeddable":true,"href":"https:\/\/jeffersonisac.adv.br\/index.php\/wp-json\/wp\/v2\/comments?post=15628"}],"version-history":[{"count":0,"href":"https:\/\/jeffersonisac.adv.br\/index.php\/wp-json\/wp\/v2\/posts\/15628\/revisions"}],"wp:attachment":[{"href":"https:\/\/jeffersonisac.adv.br\/index.php\/wp-json\/wp\/v2\/media?parent=15628"}],"wp:term":[{"taxonomy":"category","embeddable":true,"href":"https:\/\/jeffersonisac.adv.br\/index.php\/wp-json\/wp\/v2\/categories?post=15628"},{"taxonomy":"post_tag","embeddable":true,"href":"https:\/\/jeffersonisac.adv.br\/index.php\/wp-json\/wp\/v2\/tags?post=15628"}],"curies":[{"name":"wp","href":"https:\/\/api.w.org\/{rel}","templated":true}]}}