{"id":15629,"date":"2026-03-16T14:26:37","date_gmt":"2026-03-16T17:26:37","guid":{"rendered":"https:\/\/jeffersonisac.adv.br\/index.php\/2026\/03\/16\/comissao-debate-escala-6x1-com-representante-do-ministerio-da-fazenda\/"},"modified":"2026-03-16T14:26:37","modified_gmt":"2026-03-16T17:26:37","slug":"comissao-debate-escala-6x1-com-representante-do-ministerio-da-fazenda","status":"publish","type":"post","link":"https:\/\/jeffersonisac.adv.br\/index.php\/2026\/03\/16\/comissao-debate-escala-6x1-com-representante-do-ministerio-da-fazenda\/","title":{"rendered":"Comiss\u00e3o debate escala 6X1 com representante do Minist\u00e9rio da Fazenda"},"content":{"rendered":"<div class=\"image-container\">\n<div class=\"midia-creditos\"><em>Jos\u00e9 Fernando Ogura\/AEN<\/em><\/div>\n<div class=\"media-wrapper\"><\/div>\n<div class=\"midia-legenda\">Audi\u00eancia vai debater redu\u00e7\u00e3o da escala e impactos sobre a economia<\/div>\n<\/div>\n<p>A Comiss\u00e3o de Constitui\u00e7\u00e3o e Justi\u00e7a e de Cidadania da C\u00e2mara dos Deputados promove audi\u00eancia p\u00fablica nesta quarta-feira (18) para debater a <a href=\"https:\/\/www.camara.leg.br\/noticias\/632530-pec-reduz-jornada-semanal-de-trabalho-de-44-para-36-horas\">Proposta de Emenda \u00e0 Constitui\u00e7\u00e3o (PEC) 221\/19<\/a>, que trata da escala 6&#215;1 e da redu\u00e7\u00e3o da jornada de trabalho. O debate ser\u00e1 realizado \u00e0s 14 horas, no plen\u00e1rio 1.<\/p>\n<p>Participa do debate a subsecret\u00e1ria de Pol\u00edtica Fiscal do Minist\u00e9rio da Fazenda, D\u00e9bora Freire. A audi\u00eancia atende a pedido do deputado Paulo Azi (Uni\u00e3o-BA), relator da PEC na CCJ.<\/p>\n<p><a href=\"https:\/\/www.camara.leg.br\/evento-legislativo\/81305\">Veja mais informa\u00e7\u00f5es<\/a><\/p>","protected":false},"excerpt":{"rendered":"<p>Jos\u00e9 Fernando Ogura\/AEN Audi\u00eancia vai debater redu\u00e7\u00e3o da escala e impactos sobre a economia A Comiss\u00e3o de Constitui\u00e7\u00e3o e Justi\u00e7a e de Cidadania da C\u00e2mara dos Deputados promove audi\u00eancia p\u00fablica nesta quarta-feira (18) para debater a Proposta de Emenda \u00e0 Constitui\u00e7\u00e3o (PEC) 221\/19, que trata da escala 6&#215;1 e da redu\u00e7\u00e3o da jornada de trabalho. [&hellip;]<\/p>\n","protected":false},"author":0,"featured_media":0,"comment_status":"open","ping_status":"open","sticky":false,"template":"","format":"standard","meta":{"footnotes":""},"categories":[1],"tags":[],"_links":{"self":[{"href":"https:\/\/jeffersonisac.adv.br\/index.php\/wp-json\/wp\/v2\/posts\/15629"}],"collection":[{"href":"https:\/\/jeffersonisac.adv.br\/index.php\/wp-json\/wp\/v2\/posts"}],"about":[{"href":"https:\/\/jeffersonisac.adv.br\/index.php\/wp-json\/wp\/v2\/types\/post"}],"replies":[{"embeddable":true,"href":"https:\/\/jeffersonisac.adv.br\/index.php\/wp-json\/wp\/v2\/comments?post=15629"}],"version-history":[{"count":0,"href":"https:\/\/jeffersonisac.adv.br\/index.php\/wp-json\/wp\/v2\/posts\/15629\/revisions"}],"wp:attachment":[{"href":"https:\/\/jeffersonisac.adv.br\/index.php\/wp-json\/wp\/v2\/media?parent=15629"}],"wp:term":[{"taxonomy":"category","embeddable":true,"href":"https:\/\/jeffersonisac.adv.br\/index.php\/wp-json\/wp\/v2\/categories?post=15629"},{"taxonomy":"post_tag","embeddable":true,"href":"https:\/\/jeffersonisac.adv.br\/index.php\/wp-json\/wp\/v2\/tags?post=15629"}],"curies":[{"name":"wp","href":"https:\/\/api.w.org\/{rel}","templated":true}]}}