{"id":15630,"date":"2026-03-16T14:26:37","date_gmt":"2026-03-16T17:26:37","guid":{"rendered":"https:\/\/jeffersonisac.adv.br\/index.php\/2026\/03\/16\/comissao-especial-discute-seguranca-viaria-e-mudancas-no-codigo-de-transito-brasileiro\/"},"modified":"2026-03-16T14:26:37","modified_gmt":"2026-03-16T17:26:37","slug":"comissao-especial-discute-seguranca-viaria-e-mudancas-no-codigo-de-transito-brasileiro","status":"publish","type":"post","link":"https:\/\/jeffersonisac.adv.br\/index.php\/2026\/03\/16\/comissao-especial-discute-seguranca-viaria-e-mudancas-no-codigo-de-transito-brasileiro\/","title":{"rendered":"Comiss\u00e3o especial discute seguran\u00e7a vi\u00e1ria e mudan\u00e7as no C\u00f3digo de Tr\u00e2nsito Brasileiro"},"content":{"rendered":"<div class=\"image-container\">\n<div class=\"midia-creditos\"><em>Rovena Rosa\/Ag\u00eancia Brasil<\/em><\/div>\n<div class=\"media-wrapper\"><\/div>\n<div class=\"midia-legenda\">Comiss\u00e3o analisa 270 propostas que alteram o C\u00f3digo de Tr\u00e2nsito<\/div>\n<\/div>\n<p>A <span class=\"termoGlossario\">comiss\u00e3o especial <\/span> da C\u00e2mara dos Deputados que analisa mudan\u00e7as no <a href=\"https:\/\/www2.camara.leg.br\/legin\/fed\/lei\/1997\/lei-9503-23-setembro-1997-372348-norma-pl.html\">C\u00f3digo de Tr\u00e2nsito Brasileiro<\/a> (PL 8085\/14) realiza, nesta quarta-feira (18), audi\u00eancia p\u00fablica sobre seguran\u00e7a vi\u00e1ria e a necessidade de atualiza\u00e7\u00e3o do C\u00f3digo.<\/p>\n<p>O debate foi proposto pelo presidente do colegiado, deputado Coronel Meira (PL-PE), e est\u00e1 marcado para as 14 horas, no plen\u00e1rio 2.<\/p>\n<p><a href=\"https:\/\/www.camara.leg.br\/evento-legislativo\/81312\">Veja quem foi convidado<\/a><\/p>\n<p>Segundo o deputado, o objetivo \u00e9 discutir as atualiza\u00e7\u00f5es propostas ao C\u00f3digo de Tr\u00e2nsito Brasileiro, principal instrumento normativo para a organiza\u00e7\u00e3o da mobilidade no pa\u00eds e para a promo\u00e7\u00e3o da seguran\u00e7a vi\u00e1ria.<\/p>\n<p>&#8220;Passados quase trinta anos de sua promulga\u00e7\u00e3o, a realidade do tr\u00e2nsito brasileiro sofreu mudan\u00e7as relevantes, como o aumento expressivo da frota de ve\u00edculos, a incorpora\u00e7\u00e3o de novas tecnologias, a diversifica\u00e7\u00e3o dos meios de transporte e a amplia\u00e7\u00e3o das demandas por mobilidade segura e eficiente&#8221;, afirma o deputado.<\/p>\n<p>Ele acrescenta que temas como seguran\u00e7a no tr\u00e2nsito, fiscaliza\u00e7\u00e3o, educa\u00e7\u00e3o para o tr\u00e2nsito e aperfei\u00e7oamento das normas exigem an\u00e1lise cuidadosa e amplo di\u00e1logo com os diferentes atores envolvidos.<\/p>\n<p>\u201cA realiza\u00e7\u00e3o de audi\u00eancia p\u00fablica objetiva o di\u00e1logo entre especialistas, representantes de \u00f3rg\u00e3os de tr\u00e2nsito e profissionais que atuam diretamente na \u00e1rea de mobilidade e seguran\u00e7a vi\u00e1ria, em prol da constru\u00e7\u00e3o de solu\u00e7\u00f5es que atendam ao interesse p\u00fablico\u201d, diz Coronel Meira.<\/p>","protected":false},"excerpt":{"rendered":"<p>Rovena Rosa\/Ag\u00eancia Brasil Comiss\u00e3o analisa 270 propostas que alteram o C\u00f3digo de Tr\u00e2nsito A comiss\u00e3o especial da C\u00e2mara dos Deputados que analisa mudan\u00e7as no C\u00f3digo de Tr\u00e2nsito Brasileiro (PL 8085\/14) realiza, nesta quarta-feira (18), audi\u00eancia p\u00fablica sobre seguran\u00e7a vi\u00e1ria e a necessidade de atualiza\u00e7\u00e3o do C\u00f3digo. O debate foi proposto pelo presidente do colegiado, deputado [&hellip;]<\/p>\n","protected":false},"author":0,"featured_media":0,"comment_status":"open","ping_status":"open","sticky":false,"template":"","format":"standard","meta":{"footnotes":""},"categories":[1],"tags":[],"_links":{"self":[{"href":"https:\/\/jeffersonisac.adv.br\/index.php\/wp-json\/wp\/v2\/posts\/15630"}],"collection":[{"href":"https:\/\/jeffersonisac.adv.br\/index.php\/wp-json\/wp\/v2\/posts"}],"about":[{"href":"https:\/\/jeffersonisac.adv.br\/index.php\/wp-json\/wp\/v2\/types\/post"}],"replies":[{"embeddable":true,"href":"https:\/\/jeffersonisac.adv.br\/index.php\/wp-json\/wp\/v2\/comments?post=15630"}],"version-history":[{"count":0,"href":"https:\/\/jeffersonisac.adv.br\/index.php\/wp-json\/wp\/v2\/posts\/15630\/revisions"}],"wp:attachment":[{"href":"https:\/\/jeffersonisac.adv.br\/index.php\/wp-json\/wp\/v2\/media?parent=15630"}],"wp:term":[{"taxonomy":"category","embeddable":true,"href":"https:\/\/jeffersonisac.adv.br\/index.php\/wp-json\/wp\/v2\/categories?post=15630"},{"taxonomy":"post_tag","embeddable":true,"href":"https:\/\/jeffersonisac.adv.br\/index.php\/wp-json\/wp\/v2\/tags?post=15630"}],"curies":[{"name":"wp","href":"https:\/\/api.w.org\/{rel}","templated":true}]}}