{"id":15635,"date":"2026-03-16T17:25:33","date_gmt":"2026-03-16T20:25:33","guid":{"rendered":"https:\/\/jeffersonisac.adv.br\/index.php\/2026\/03\/16\/projeto-proibe-porte-de-arma-e-acesso-a-clubes-de-tiro-para-condenados-por-violencia-contra-mulher\/"},"modified":"2026-03-16T17:25:33","modified_gmt":"2026-03-16T20:25:33","slug":"projeto-proibe-porte-de-arma-e-acesso-a-clubes-de-tiro-para-condenados-por-violencia-contra-mulher","status":"publish","type":"post","link":"https:\/\/jeffersonisac.adv.br\/index.php\/2026\/03\/16\/projeto-proibe-porte-de-arma-e-acesso-a-clubes-de-tiro-para-condenados-por-violencia-contra-mulher\/","title":{"rendered":"Projeto pro\u00edbe porte de arma e acesso a clubes de tiro para condenados por viol\u00eancia contra mulher"},"content":{"rendered":"<div class=\"image-container\">\n<div class=\"midia-creditos\"><em>Zeca Ribeiro \/ C\u00e2mara dos Deputados<\/em><\/div>\n<div class=\"media-wrapper\"><\/div>\n<div class=\"midia-legenda\">Isid\u00f3rio quer impedir que indiv\u00edduos violentos tenham acesso a armas ou ambientes de tiro<\/div>\n<\/div>\n<p class=\"mb-2 whitespace-pre-wrap\">O Projeto de Lei 6308\/25 pro\u00edbe a concess\u00e3o, a renova\u00e7\u00e3o e a manuten\u00e7\u00e3o de porte ou posse de arma de fogo para pessoas com hist\u00f3rico de viol\u00eancia contra a mulher, crian\u00e7as ou adolescentes. A proposta est\u00e1 em an\u00e1lise na C\u00e2mara dos Deputados.<\/p>\n<p class=\"mb-2 whitespace-pre-wrap\">Pelo texto, a restri\u00e7\u00e3o se aplica a indiv\u00edduos condenados por decis\u00e3o judicial <span class=\"termoGlossario\">transitada em julgado<\/span> (quando n\u00e3o cabe mais recurso) e tamb\u00e9m \u00e0queles que sejam alvo de medidas protetivas de urg\u00eancia vigentes com base na <a href=\"https:\/\/www2.camara.leg.br\/legin\/fed\/lei\/2006\/lei-11340-7-agosto-2006-545133-norma-pl.html\">Lei Maria da Penha<\/a>.<\/p>\n<p class=\"mb-2 whitespace-pre-wrap\"><strong>Crian\u00e7as e adolescentes<br \/>\n<\/strong>A proposta especifica que a proibi\u00e7\u00e3o tamb\u00e9m atinge quem tenha sido condenado por crimes praticados contra crian\u00e7as ou adolescentes, nos termos do Estatuto da Crian\u00e7a e do Adolescente (ECA &#8211; <a class=\"linkLegislacao\" href=\"https:\/\/www2.camara.gov.br\/legin\/fed\/lei\/1990\/lei-8069-13-julho-1990-372211-norma-pl.html\">Lei 8.069\/90<\/a>).<\/p>\n<p class=\"mb-2 whitespace-pre-wrap\">Al\u00e9m disso, a veda\u00e7\u00e3o estende-se a quem responde a a\u00e7\u00e3o penal por esses crimes (tanto contra a mulher quanto contra menores), desde que haja ind\u00edcios suficientes de autoria e materialidade reconhecidos judicialmente.<\/p>\n<p class=\"mb-2 whitespace-pre-wrap\"><strong>Proibi\u00e7\u00f5es<br \/>\n<\/strong>Al\u00e9m de impedir a posse da arma em si, o projeto veta o acesso desses indiv\u00edduos a qualquer ambiente ou atividade relacionada ao tiro. Ficam proibidos:<\/p>\n<p>Filia\u00e7\u00e3o e frequ\u00eancia em clubes, escolas ou estandes de tiro;<br \/>\nParticipa\u00e7\u00e3o em atividades de tiro esportivo ou recreativo;<br \/>\nObten\u00e7\u00e3o de licen\u00e7a para ca\u00e7a.<\/p>\n<p class=\"mb-2 whitespace-pre-wrap\">As entidades de tiro e ca\u00e7a dever\u00e3o implementar mecanismos de consulta a bancos de dados oficiais para barrar a entrada dessas pessoas. O descumprimento pode gerar multa, suspens\u00e3o do funcionamento e at\u00e9 cassa\u00e7\u00e3o do registro do clube.<\/p>\n<p class=\"mb-2 whitespace-pre-wrap\"><strong>Justificativa<br \/>\n<\/strong>Na justificativa da proposta, o deputado Pastor Sargento Isid\u00f3rio (Avante-BA) alerta que a presen\u00e7a de armas de fogo no ambiente dom\u00e9stico potencializa o risco de trag\u00e9dias familiares. Ele cita estudos indicando que a probabilidade de feminic\u00eddio aumenta em at\u00e9 cinco vezes quando h\u00e1 uma arma dispon\u00edvel na resid\u00eancia.<\/p>\n<p class=\"mb-2 whitespace-pre-wrap\">\u201cEste projeto fortalece a prote\u00e7\u00e3o \u00e0s v\u00edtimas, impedindo que indiv\u00edduos violentos tenham acesso a armas ou ambientes de tiro\u201d, afirma o parlamentar.<\/p>\n<p class=\"mb-2 whitespace-pre-wrap\">Ele baseia sua argumenta\u00e7\u00e3o no Anu\u00e1rio 2024 do F\u00f3rum Brasileiro de Seguran\u00e7a P\u00fablica, que registrou um feminic\u00eddio a cada seis horas no pa\u00eds, al\u00e9m de altos \u00edndices de viol\u00eancia contra crian\u00e7as. Para o autor, a proibi\u00e7\u00e3o \u00e9 necess\u00e1ria para fechar lacunas na lei que hoje permitem a agressores manterem contato com armamentos via atividades esportivas ou de ca\u00e7a.<\/p>\n<p class=\"mb-2 whitespace-pre-wrap\"><strong>Pr\u00f3ximos passos<br \/>\n<\/strong>A proposta ser\u00e1 analisada em <span class=\"termoGlossario\">car\u00e1ter conclusivo<\/span> pelas comiss\u00f5es de Seguran\u00e7a P\u00fablica e Combate ao Crime Organizado; e de Constitui\u00e7\u00e3o e Justi\u00e7a e de Cidadania. Para virar lei, a proposta precisa ser aprovada pela C\u00e2mara e pelo Senado.<\/p>\n<p><a href=\"https:\/\/www.camara.leg.br\/noticias\/573454-SAIBA-MAIS-SOBRE-A-TRAMITACAO-DE-PROJETOS-DE-LEI\">Saiba mais sobre a tramita\u00e7\u00e3o de projetos de lei<\/a><\/p>","protected":false},"excerpt":{"rendered":"<p>Zeca Ribeiro \/ C\u00e2mara dos Deputados Isid\u00f3rio quer impedir que indiv\u00edduos violentos tenham acesso a armas ou ambientes de tiro O Projeto de Lei 6308\/25 pro\u00edbe a concess\u00e3o, a renova\u00e7\u00e3o e a manuten\u00e7\u00e3o de porte ou posse de arma de fogo para pessoas com hist\u00f3rico de viol\u00eancia contra a mulher, crian\u00e7as ou adolescentes. A proposta [&hellip;]<\/p>\n","protected":false},"author":0,"featured_media":0,"comment_status":"open","ping_status":"open","sticky":false,"template":"","format":"standard","meta":{"footnotes":""},"categories":[1],"tags":[],"_links":{"self":[{"href":"https:\/\/jeffersonisac.adv.br\/index.php\/wp-json\/wp\/v2\/posts\/15635"}],"collection":[{"href":"https:\/\/jeffersonisac.adv.br\/index.php\/wp-json\/wp\/v2\/posts"}],"about":[{"href":"https:\/\/jeffersonisac.adv.br\/index.php\/wp-json\/wp\/v2\/types\/post"}],"replies":[{"embeddable":true,"href":"https:\/\/jeffersonisac.adv.br\/index.php\/wp-json\/wp\/v2\/comments?post=15635"}],"version-history":[{"count":0,"href":"https:\/\/jeffersonisac.adv.br\/index.php\/wp-json\/wp\/v2\/posts\/15635\/revisions"}],"wp:attachment":[{"href":"https:\/\/jeffersonisac.adv.br\/index.php\/wp-json\/wp\/v2\/media?parent=15635"}],"wp:term":[{"taxonomy":"category","embeddable":true,"href":"https:\/\/jeffersonisac.adv.br\/index.php\/wp-json\/wp\/v2\/categories?post=15635"},{"taxonomy":"post_tag","embeddable":true,"href":"https:\/\/jeffersonisac.adv.br\/index.php\/wp-json\/wp\/v2\/tags?post=15635"}],"curies":[{"name":"wp","href":"https:\/\/api.w.org\/{rel}","templated":true}]}}