{"id":15636,"date":"2026-03-16T18:25:00","date_gmt":"2026-03-16T21:25:00","guid":{"rendered":"https:\/\/jeffersonisac.adv.br\/index.php\/2026\/03\/16\/hugo-motta-anuncia-inauguracao-da-sala-lilas-na-camara-para-atender-mulheres-vitimas-de-violencia\/"},"modified":"2026-03-16T18:25:00","modified_gmt":"2026-03-16T21:25:00","slug":"hugo-motta-anuncia-inauguracao-da-sala-lilas-na-camara-para-atender-mulheres-vitimas-de-violencia","status":"publish","type":"post","link":"https:\/\/jeffersonisac.adv.br\/index.php\/2026\/03\/16\/hugo-motta-anuncia-inauguracao-da-sala-lilas-na-camara-para-atender-mulheres-vitimas-de-violencia\/","title":{"rendered":"Hugo Motta anuncia inaugura\u00e7\u00e3o da Sala Lil\u00e1s na C\u00e2mara para atender mulheres v\u00edtimas de viol\u00eancia"},"content":{"rendered":"<div class=\"image-container\">\n<div class=\"midia-creditos\"><em>Marina Ramos\/Camara dos Deputados<\/em><\/div>\n<div class=\"media-wrapper\"><\/div>\n<div class=\"midia-legenda\">Hugo Motta anunciou a medida em pronunciamento no Sal\u00e3o Verde<\/div>\n<\/div>\n<p>O presidente da C\u00e2mara dos Deputados, Hugo Motta (Republicanos-PB), anunciou a inaugura\u00e7\u00e3o nesta quarta-feira (18) da Sala Lil\u00e1s na C\u00e2mara para atender mulheres v\u00edtimas de viol\u00eancia. As salas lil\u00e1s s\u00e3o ambientes reservados para atendimento especializado a mulheres em situa\u00e7\u00e3o de viol\u00eancia.<\/p>\n<p>O local faz parte das iniciativas do projeto de lei Antes que Aconte\u00e7a (PL 6674\/25), que visa apoiar e estruturar pol\u00edticas p\u00fablicas para proteger e promover os direitos das mulheres. O programa envolve a\u00e7\u00f5es de justi\u00e7a, seguran\u00e7a, sa\u00fade, inova\u00e7\u00e3o e educa\u00e7\u00e3o, com a colabora\u00e7\u00e3o de diversos setores do governo e da sociedade civil.<\/p>\n<p>A sala ser\u00e1 localizada no subsolo do anexo 3, ala B, sala 121. Quatro policiais mulheres da Pol\u00edcia Legislativa ser\u00e3o destacadas para essa miss\u00e3o.<\/p>","protected":false},"excerpt":{"rendered":"<p>Marina Ramos\/Camara dos Deputados Hugo Motta anunciou a medida em pronunciamento no Sal\u00e3o Verde O presidente da C\u00e2mara dos Deputados, Hugo Motta (Republicanos-PB), anunciou a inaugura\u00e7\u00e3o nesta quarta-feira (18) da Sala Lil\u00e1s na C\u00e2mara para atender mulheres v\u00edtimas de viol\u00eancia. As salas lil\u00e1s s\u00e3o ambientes reservados para atendimento especializado a mulheres em situa\u00e7\u00e3o de viol\u00eancia. [&hellip;]<\/p>\n","protected":false},"author":0,"featured_media":0,"comment_status":"open","ping_status":"open","sticky":false,"template":"","format":"standard","meta":{"footnotes":""},"categories":[1],"tags":[],"_links":{"self":[{"href":"https:\/\/jeffersonisac.adv.br\/index.php\/wp-json\/wp\/v2\/posts\/15636"}],"collection":[{"href":"https:\/\/jeffersonisac.adv.br\/index.php\/wp-json\/wp\/v2\/posts"}],"about":[{"href":"https:\/\/jeffersonisac.adv.br\/index.php\/wp-json\/wp\/v2\/types\/post"}],"replies":[{"embeddable":true,"href":"https:\/\/jeffersonisac.adv.br\/index.php\/wp-json\/wp\/v2\/comments?post=15636"}],"version-history":[{"count":0,"href":"https:\/\/jeffersonisac.adv.br\/index.php\/wp-json\/wp\/v2\/posts\/15636\/revisions"}],"wp:attachment":[{"href":"https:\/\/jeffersonisac.adv.br\/index.php\/wp-json\/wp\/v2\/media?parent=15636"}],"wp:term":[{"taxonomy":"category","embeddable":true,"href":"https:\/\/jeffersonisac.adv.br\/index.php\/wp-json\/wp\/v2\/categories?post=15636"},{"taxonomy":"post_tag","embeddable":true,"href":"https:\/\/jeffersonisac.adv.br\/index.php\/wp-json\/wp\/v2\/tags?post=15636"}],"curies":[{"name":"wp","href":"https:\/\/api.w.org\/{rel}","templated":true}]}}