{"id":15639,"date":"2026-03-16T18:25:00","date_gmt":"2026-03-16T21:25:00","guid":{"rendered":"https:\/\/jeffersonisac.adv.br\/index.php\/2026\/03\/16\/depoimento-de-leila-pereira-na-cpmi-do-inss-esta-agendado-para-quarta\/"},"modified":"2026-03-16T18:25:00","modified_gmt":"2026-03-16T21:25:00","slug":"depoimento-de-leila-pereira-na-cpmi-do-inss-esta-agendado-para-quarta","status":"publish","type":"post","link":"https:\/\/jeffersonisac.adv.br\/index.php\/2026\/03\/16\/depoimento-de-leila-pereira-na-cpmi-do-inss-esta-agendado-para-quarta\/","title":{"rendered":"Depoimento de Leila Pereira na CPMI do INSS est\u00e1 agendado para quarta"},"content":{"rendered":"<div class=\"image-container\">\n<div class=\"midia-creditos\"><em>Jefferson Rudy\/Ag\u00eancia Senado<\/em><\/div>\n<div class=\"media-wrapper\"><\/div>\n<div class=\"midia-legenda\">Reuni\u00e3o da CPMI do INSS na \u00faltima segunda (9)<\/div>\n<\/div>\n<p>Est\u00e1 marcado para esta quarta-feira (18) o depoimento de Leila Pereira, presidente do Banco Crefisa, na Comiss\u00e3o Parlamentar Mista de Inqu\u00e9rito (CPMI) que apura fraude contra aposentados e pensionistas do INSS. O in\u00edcio da reuni\u00e3o est\u00e1 previsto para as 9 horas.<\/p>\n<p><a href=\"https:\/\/legis.senado.leg.br\/atividade\/comissoes\/comissao\/2794\/reuniao\/14510\">Veja a pauta da reuni\u00e3o<\/a><\/p>\n<p>Leila Pereira, que tamb\u00e9m \u00e9 presidente da Sociedade Esportiva Palmeiras, deveria ter comparecido \u00e0 comiss\u00e3o na semana passada, mas uma decis\u00e3o do ministro Fl\u00e1vio Dino, do Supremo Tribunal Federal (STF), a desobrigou de depor na data prevista. Diante da decis\u00e3o de Dino, a data foi remarcada pelo colegiado na reuni\u00e3o da \u00faltima quinta-feira (12).<\/p>\n<p>A presidente do Banco Crefisa foi convocada a depor na condi\u00e7\u00e3o de testemunha, conforme requerimentos apresentados pelo relator da CPMI, deputado Alfredo Gaspar (Uni\u00e3o-AL), e pelo deputado Sidney Leite (PSD-AM).<\/p>\n<p>Os requerimentos (REQ 1737\/25 e REQ 3036\/26) apontam necessidade de esclarecimentos sobre opera\u00e7\u00f5es de empr\u00e9stimos consignados concedidos pela Crefisa a aposentados e pensionistas.<\/p>\n<p>Entre as poss\u00edveis irregularidades, segundo os requerimentos, estariam press\u00f5es para abertura de contas e contrata\u00e7\u00e3o de produtos ou servi\u00e7os sem adequada informa\u00e7\u00e3o, o que, no entender dos parlamentares, poderia constituir pr\u00e1tica abusiva.<\/p>\n<p>A reuni\u00e3o da CPMI do INSS ser\u00e1 realizada na sala 2 da ala Nilo Coelho, do Senado Federal. <a href=\"https:\/\/www12.senado.leg.br\/ecidadania\/visualizacaoaudiencia?id=38087\">Envie sua perguntas.<\/a><\/p>","protected":false},"excerpt":{"rendered":"<p>Jefferson Rudy\/Ag\u00eancia Senado Reuni\u00e3o da CPMI do INSS na \u00faltima segunda (9) Est\u00e1 marcado para esta quarta-feira (18) o depoimento de Leila Pereira, presidente do Banco Crefisa, na Comiss\u00e3o Parlamentar Mista de Inqu\u00e9rito (CPMI) que apura fraude contra aposentados e pensionistas do INSS. O in\u00edcio da reuni\u00e3o est\u00e1 previsto para as 9 horas. Veja a [&hellip;]<\/p>\n","protected":false},"author":0,"featured_media":0,"comment_status":"open","ping_status":"open","sticky":false,"template":"","format":"standard","meta":{"footnotes":""},"categories":[1],"tags":[],"_links":{"self":[{"href":"https:\/\/jeffersonisac.adv.br\/index.php\/wp-json\/wp\/v2\/posts\/15639"}],"collection":[{"href":"https:\/\/jeffersonisac.adv.br\/index.php\/wp-json\/wp\/v2\/posts"}],"about":[{"href":"https:\/\/jeffersonisac.adv.br\/index.php\/wp-json\/wp\/v2\/types\/post"}],"replies":[{"embeddable":true,"href":"https:\/\/jeffersonisac.adv.br\/index.php\/wp-json\/wp\/v2\/comments?post=15639"}],"version-history":[{"count":0,"href":"https:\/\/jeffersonisac.adv.br\/index.php\/wp-json\/wp\/v2\/posts\/15639\/revisions"}],"wp:attachment":[{"href":"https:\/\/jeffersonisac.adv.br\/index.php\/wp-json\/wp\/v2\/media?parent=15639"}],"wp:term":[{"taxonomy":"category","embeddable":true,"href":"https:\/\/jeffersonisac.adv.br\/index.php\/wp-json\/wp\/v2\/categories?post=15639"},{"taxonomy":"post_tag","embeddable":true,"href":"https:\/\/jeffersonisac.adv.br\/index.php\/wp-json\/wp\/v2\/tags?post=15639"}],"curies":[{"name":"wp","href":"https:\/\/api.w.org\/{rel}","templated":true}]}}