{"id":15640,"date":"2026-03-16T18:25:00","date_gmt":"2026-03-16T21:25:00","guid":{"rendered":"https:\/\/jeffersonisac.adv.br\/index.php\/2026\/03\/16\/projeto-cria-sistema-de-alerta-nacional-para-localizar-idosos-e-pessoas-com-deficiencia\/"},"modified":"2026-03-16T18:25:00","modified_gmt":"2026-03-16T21:25:00","slug":"projeto-cria-sistema-de-alerta-nacional-para-localizar-idosos-e-pessoas-com-deficiencia","status":"publish","type":"post","link":"https:\/\/jeffersonisac.adv.br\/index.php\/2026\/03\/16\/projeto-cria-sistema-de-alerta-nacional-para-localizar-idosos-e-pessoas-com-deficiencia\/","title":{"rendered":"Projeto cria sistema de alerta nacional para localizar idosos e pessoas com defici\u00eancia"},"content":{"rendered":"<div class=\"image-container\">\n<div class=\"midia-creditos\"><em>Paulo S\u00e9rgio\/C\u00e2mara dos Deputados<\/em><\/div>\n<div class=\"media-wrapper\"><\/div>\n<div class=\"midia-legenda\">Stefano Aguiar, autor da proposta<\/div>\n<\/div>\n<p class=\"mb-2 whitespace-pre-wrap\">O Projeto de Lei 6242\/25 cria o &#8220;Alerta Prata Nacional&#8221;, um sistema de emerg\u00eancia para agilizar a localiza\u00e7\u00e3o de pessoas idosas (a partir de 60 anos) e pessoas com defici\u00eancia desaparecidas. A proposta est\u00e1 em an\u00e1lise na C\u00e2mara dos Deputados.<\/p>\n<p class=\"mb-2 whitespace-pre-wrap\">O sistema funcionar\u00e1 por meio da notifica\u00e7\u00e3o imediata \u00e0 popula\u00e7\u00e3o e \u00e0s autoridades, assim que o desaparecimento for registrado. O objetivo \u00e9 replicar o sucesso de mecanismos j\u00e1 existentes para crian\u00e7as (como o &#8220;Alerta Amber&#8221;), focando agora em grupos vulner\u00e1veis que possam ter comprometimento cognitivo ou mental.<\/p>\n<p class=\"mb-2 whitespace-pre-wrap\"><strong>Crit\u00e9rios para acionamento<br \/>\n<\/strong>Pelo texto, o alerta ser\u00e1 disparado pela autoridade de seguran\u00e7a p\u00fablica quando forem confirmados os seguintes crit\u00e9rios:<\/p>\n<p>o desaparecido for idoso ou pessoa com defici\u00eancia;<br \/>\nhouver indica\u00e7\u00e3o de condi\u00e7\u00e3o de sa\u00fade ou cognitiva que comprometa a capacidade de orienta\u00e7\u00e3o (como Alzheimer);<br \/>\no desaparecimento representar risco iminente de morte ou les\u00e3o grave.<\/p>\n<p class=\"mb-2 whitespace-pre-wrap\"><strong>Divulga\u00e7\u00e3o ampla e urgente<br \/>\n<\/strong>Uma vez acionado, o Alerta Prata dever\u00e1 ser divulgado em car\u00e1ter de urg\u00eancia por diversos canais, incluindo:<\/p>\n<p>emissoras de r\u00e1dio e televis\u00e3o (formato de notifica\u00e7\u00e3o priorit\u00e1ria);<br \/>\npain\u00e9is eletr\u00f4nicos em rodovias, terminais de transporte e vias urbanas;<br \/>\nredes sociais e aplicativos de transporte e entrega (via parcerias);<br \/>\nmensagens de celular (SMS ou <em>cell broadcast<\/em>) para a regi\u00e3o do desaparecimento.<\/p>\n<p class=\"mb-2 whitespace-pre-wrap\">As mensagens dever\u00e3o conter nome, idade, caracter\u00edsticas f\u00edsicas, al\u00e9m da roupa usada e do local onde a pessoa foi vista pela \u00faltima vez.<\/p>\n<p class=\"mb-2 whitespace-pre-wrap\"><strong>Ferramentas de prote\u00e7\u00e3o<br \/>\n<\/strong>O autor, deputado Stefano Aguiar (PSD-MG), argumenta que o envelhecimento da popula\u00e7\u00e3o brasileira exige novas ferramentas de prote\u00e7\u00e3o. Ele cita dados da Secretaria Nacional de Seguran\u00e7a P\u00fablica (Senasp) de 2023, indicando que 7,9% dos desaparecimentos no pa\u00eds envolveram idosos, com uma taxa de localiza\u00e7\u00e3o considerada baixa.<\/p>\n<p class=\"mb-2 whitespace-pre-wrap\">&#8220;A perda de mem\u00f3ria, confus\u00e3o temporal-espacial e dificuldades de reconhecimento tornam essas pessoas incapazes de se localizar, solicitar ajuda adequadamente ou retornar ao lar. Frequentemente desaparecem permanentemente, morrendo em situa\u00e7\u00f5es de frio, calor extremo, acidentes ou desnutri\u00e7\u00e3o&#8221;, afirma o autor.<\/p>\n<p class=\"mb-2 whitespace-pre-wrap\">O parlamentar destaca que o projeto n\u00e3o deve gerar custos adicionais significativos ao governo, pois utilizar\u00e1 infraestrutura tecnol\u00f3gica e de comunica\u00e7\u00e3o j\u00e1 existentes.<\/p>\n<p class=\"mb-2 whitespace-pre-wrap\"><strong>Pr\u00f3ximos passos<br \/>\n<\/strong>A proposta ser\u00e1 analisada de <span class=\"termoGlossario\">forma conclusiva<\/span> pelas comiss\u00f5es de Comunica\u00e7\u00e3o; de Seguran\u00e7a P\u00fablica e Combate ao Crime Organizado; de Defesa dos Direitos da Pessoa Idosa; de Defesa dos Direitos das Pessoas com Defici\u00eancia; de Finan\u00e7as e Tributa\u00e7\u00e3o; e de Constitui\u00e7\u00e3o e Justi\u00e7a e de Cidadania.<\/p>\n<p><a href=\"https:\/\/www.camara.leg.br\/noticias\/573454-SAIBA-MAIS-SOBRE-A-TRAMITACAO-DE-PROJETOS-DE-LEI\">Saiba mais sobre a tramita\u00e7\u00e3o de projetos de lei<\/a><\/p>","protected":false},"excerpt":{"rendered":"<p>Paulo S\u00e9rgio\/C\u00e2mara dos Deputados Stefano Aguiar, autor da proposta O Projeto de Lei 6242\/25 cria o &#8220;Alerta Prata Nacional&#8221;, um sistema de emerg\u00eancia para agilizar a localiza\u00e7\u00e3o de pessoas idosas (a partir de 60 anos) e pessoas com defici\u00eancia desaparecidas. A proposta est\u00e1 em an\u00e1lise na C\u00e2mara dos Deputados. O sistema funcionar\u00e1 por meio da [&hellip;]<\/p>\n","protected":false},"author":0,"featured_media":0,"comment_status":"open","ping_status":"open","sticky":false,"template":"","format":"standard","meta":{"footnotes":""},"categories":[1],"tags":[],"_links":{"self":[{"href":"https:\/\/jeffersonisac.adv.br\/index.php\/wp-json\/wp\/v2\/posts\/15640"}],"collection":[{"href":"https:\/\/jeffersonisac.adv.br\/index.php\/wp-json\/wp\/v2\/posts"}],"about":[{"href":"https:\/\/jeffersonisac.adv.br\/index.php\/wp-json\/wp\/v2\/types\/post"}],"replies":[{"embeddable":true,"href":"https:\/\/jeffersonisac.adv.br\/index.php\/wp-json\/wp\/v2\/comments?post=15640"}],"version-history":[{"count":0,"href":"https:\/\/jeffersonisac.adv.br\/index.php\/wp-json\/wp\/v2\/posts\/15640\/revisions"}],"wp:attachment":[{"href":"https:\/\/jeffersonisac.adv.br\/index.php\/wp-json\/wp\/v2\/media?parent=15640"}],"wp:term":[{"taxonomy":"category","embeddable":true,"href":"https:\/\/jeffersonisac.adv.br\/index.php\/wp-json\/wp\/v2\/categories?post=15640"},{"taxonomy":"post_tag","embeddable":true,"href":"https:\/\/jeffersonisac.adv.br\/index.php\/wp-json\/wp\/v2\/tags?post=15640"}],"curies":[{"name":"wp","href":"https:\/\/api.w.org\/{rel}","templated":true}]}}