{"id":15643,"date":"2026-03-17T08:24:59","date_gmt":"2026-03-17T11:24:59","guid":{"rendered":"https:\/\/jeffersonisac.adv.br\/index.php\/2026\/03\/17\/congresso-promulga-nesta-terca-feira-o-acordo-entre-mercosul-e-uniao-europeia\/"},"modified":"2026-03-17T08:24:59","modified_gmt":"2026-03-17T11:24:59","slug":"congresso-promulga-nesta-terca-feira-o-acordo-entre-mercosul-e-uniao-europeia","status":"publish","type":"post","link":"https:\/\/jeffersonisac.adv.br\/index.php\/2026\/03\/17\/congresso-promulga-nesta-terca-feira-o-acordo-entre-mercosul-e-uniao-europeia\/","title":{"rendered":"Congresso promulga nesta ter\u00e7a-feira o acordo entre Mercosul e Uni\u00e3o Europeia"},"content":{"rendered":"<div class=\"image-container\">\n<div class=\"midia-creditos\"><em>Reprodu\u00e7\u00e3o<\/em><\/div>\n<div class=\"media-wrapper\"><\/div>\n<\/div>\n<p>Ser\u00e1 promulgado nesta ter\u00e7a-feira (17), em sess\u00e3o solene, o decreto legislativo que ratifica o Acordo Provis\u00f3rio de Com\u00e9rcio entre o <span class=\"termoGlossario\">Mercosul<\/span> e a Uni\u00e3o Europeia (PDL 41\/26). O texto prev\u00ea redu\u00e7\u00e3o de tarifas para 91% dos produtos importados pelo Mercosul e 95% dos produtos importados pela UE.<\/p>\n<p>Assinado em Assun\u00e7\u00e3o (Paraguai) em janeiro, o acordo foi <a href=\"https:\/\/www.camara.leg.br\/noticias\/1247799-CAMARA-APROVA-ACORDO-DE-COMERCIO-ENTRE-MERCOSUL-E-UNIAO-EUROPEIA\">aprovado pela C\u00e2mara dos Deputados<\/a> no fim de fevereiro e pelo Senado no in\u00edcio de mar\u00e7o, ap\u00f3s mais de duas d\u00e9cadas de negocia\u00e7\u00f5es entre as partes.<\/p>\n<p>A sess\u00e3o conjunta do Congresso Nacional para promulga\u00e7\u00e3o est\u00e1 marcada para as 15h30.<\/p>\n<p><strong>Parceria comercial<\/strong><br \/>\nJuntos, Mercosul e UE re\u00fanem cerca de 718 milh\u00f5es de pessoas e um Produto Interno Bruto (<span class=\"termoGlossario\">PIB<\/span>) de aproximadamente 22,4 trilh\u00f5es de d\u00f3lares (aproximadamente R$ 115 trilh\u00f5es).<\/p>\n<p>Dados do Sistema Integrado de Com\u00e9rcio Exterior (Siscomex) apontam que a Uni\u00e3o Europeia \u00e9 o segundo principal parceiro comercial do Brasil, com 100 bilh\u00f5es de d\u00f3lares (cerca de R$ 520 bilh\u00f5es) em com\u00e9rcio de bens, com ligeiro super\u00e1vit para os europeus em 2025.<\/p>\n<p><strong>Entrada em vigor<\/strong><br \/>\nA entrada em vigor do acordo depende da comunica\u00e7\u00e3o, entre as partes, de que o texto foi ratificado. Em 27 de fevereiro, a Comiss\u00e3o Europeia anunciou que o bloco iniciar\u00e1 a aplica\u00e7\u00e3o provis\u00f3ria dos termos comerciais, mesmo antes da ratifica\u00e7\u00e3o total por todos os parlamentos nacionais europeus.<\/p>\n<p>No Brasil, essas tratativas ainda dependiam da ratifica\u00e7\u00e3o do acordo pelo Congresso. Segundo o governo, a expectativa \u00e9 de que o texto entre em vigor em at\u00e9 60 dias ap\u00f3s a promulga\u00e7\u00e3o.<\/p>\n<p>\u00a0<\/p>\n<div><\/div>\n<p>\u00a0<\/p>\n<p>\u00a0<\/p>","protected":false},"excerpt":{"rendered":"<p>Reprodu\u00e7\u00e3o Ser\u00e1 promulgado nesta ter\u00e7a-feira (17), em sess\u00e3o solene, o decreto legislativo que ratifica o Acordo Provis\u00f3rio de Com\u00e9rcio entre o Mercosul e a Uni\u00e3o Europeia (PDL 41\/26). O texto prev\u00ea redu\u00e7\u00e3o de tarifas para 91% dos produtos importados pelo Mercosul e 95% dos produtos importados pela UE. Assinado em Assun\u00e7\u00e3o (Paraguai) em janeiro, o [&hellip;]<\/p>\n","protected":false},"author":0,"featured_media":0,"comment_status":"open","ping_status":"open","sticky":false,"template":"","format":"standard","meta":{"footnotes":""},"categories":[1],"tags":[],"_links":{"self":[{"href":"https:\/\/jeffersonisac.adv.br\/index.php\/wp-json\/wp\/v2\/posts\/15643"}],"collection":[{"href":"https:\/\/jeffersonisac.adv.br\/index.php\/wp-json\/wp\/v2\/posts"}],"about":[{"href":"https:\/\/jeffersonisac.adv.br\/index.php\/wp-json\/wp\/v2\/types\/post"}],"replies":[{"embeddable":true,"href":"https:\/\/jeffersonisac.adv.br\/index.php\/wp-json\/wp\/v2\/comments?post=15643"}],"version-history":[{"count":0,"href":"https:\/\/jeffersonisac.adv.br\/index.php\/wp-json\/wp\/v2\/posts\/15643\/revisions"}],"wp:attachment":[{"href":"https:\/\/jeffersonisac.adv.br\/index.php\/wp-json\/wp\/v2\/media?parent=15643"}],"wp:term":[{"taxonomy":"category","embeddable":true,"href":"https:\/\/jeffersonisac.adv.br\/index.php\/wp-json\/wp\/v2\/categories?post=15643"},{"taxonomy":"post_tag","embeddable":true,"href":"https:\/\/jeffersonisac.adv.br\/index.php\/wp-json\/wp\/v2\/tags?post=15643"}],"curies":[{"name":"wp","href":"https:\/\/api.w.org\/{rel}","templated":true}]}}