{"id":15644,"date":"2026-03-17T09:25:10","date_gmt":"2026-03-17T12:25:10","guid":{"rendered":"https:\/\/jeffersonisac.adv.br\/index.php\/2026\/03\/17\/comissao-de-direitos-humanos-debate-direito-a-moradia-digna-participe\/"},"modified":"2026-03-17T09:25:10","modified_gmt":"2026-03-17T12:25:10","slug":"comissao-de-direitos-humanos-debate-direito-a-moradia-digna-participe","status":"publish","type":"post","link":"https:\/\/jeffersonisac.adv.br\/index.php\/2026\/03\/17\/comissao-de-direitos-humanos-debate-direito-a-moradia-digna-participe\/","title":{"rendered":"Comiss\u00e3o de Direitos Humanos debate direito \u00e0 moradia digna; participe"},"content":{"rendered":"<div class=\"image-container\">\n<div class=\"midia-creditos\"><em>Kayo Magalh\u00e3es \/ C\u00e2mara dos Deputados<\/em><\/div>\n<div class=\"media-wrapper\"><\/div>\n<div class=\"midia-legenda\">Padre Jo\u00e3o prop\u00f4s a realiza\u00e7\u00e3o do evento<\/div>\n<\/div>\n<p>A Comiss\u00e3o de Direitos Humanos, Minorias e Igualdade Racial da C\u00e2mara dos Deputados realiza nesta ter\u00e7a-feira (17) audi\u00eancia p\u00fablica para debater o direito \u00e0 moradia digna. A reuni\u00e3o ser\u00e1 realizada no plen\u00e1rio 9, \u00e0s 18 horas.<\/p>\n<p><a href=\"https:\/\/www.camara.leg.br\/evento-legislativo\/81265\">Veja quem foi convidado e envie suas perguntas<\/a><\/p>\n<p>O debate atende a pedido do deputado Padre Jo\u00e3o (PT-MG). Ele explica que a ideia da reuni\u00e3o \u00e9 discutir o tema da Campanha da Fraternidade 2026: \u201cFraternidade e Moradia\u201d.<\/p>\n<p>Padre Jo\u00e3o acrescenta que o d\u00e9ficit habitacional e a segrega\u00e7\u00e3o urbana no pa\u00eds levam muitas fam\u00edlias a ocupar \u00e1reas de risco.<\/p>\n<p>\u201cCompreendemos que a moradia n\u00e3o \u00e9 apenas um bem material, mas uma express\u00e3o fundamental da dignidade humana e do direito \u00e0 vida plena\u201d, afirma.<\/p>","protected":false},"excerpt":{"rendered":"<p>Kayo Magalh\u00e3es \/ C\u00e2mara dos Deputados Padre Jo\u00e3o prop\u00f4s a realiza\u00e7\u00e3o do evento A Comiss\u00e3o de Direitos Humanos, Minorias e Igualdade Racial da C\u00e2mara dos Deputados realiza nesta ter\u00e7a-feira (17) audi\u00eancia p\u00fablica para debater o direito \u00e0 moradia digna. A reuni\u00e3o ser\u00e1 realizada no plen\u00e1rio 9, \u00e0s 18 horas. Veja quem foi convidado e envie [&hellip;]<\/p>\n","protected":false},"author":0,"featured_media":0,"comment_status":"open","ping_status":"open","sticky":false,"template":"","format":"standard","meta":{"footnotes":""},"categories":[1],"tags":[],"_links":{"self":[{"href":"https:\/\/jeffersonisac.adv.br\/index.php\/wp-json\/wp\/v2\/posts\/15644"}],"collection":[{"href":"https:\/\/jeffersonisac.adv.br\/index.php\/wp-json\/wp\/v2\/posts"}],"about":[{"href":"https:\/\/jeffersonisac.adv.br\/index.php\/wp-json\/wp\/v2\/types\/post"}],"replies":[{"embeddable":true,"href":"https:\/\/jeffersonisac.adv.br\/index.php\/wp-json\/wp\/v2\/comments?post=15644"}],"version-history":[{"count":0,"href":"https:\/\/jeffersonisac.adv.br\/index.php\/wp-json\/wp\/v2\/posts\/15644\/revisions"}],"wp:attachment":[{"href":"https:\/\/jeffersonisac.adv.br\/index.php\/wp-json\/wp\/v2\/media?parent=15644"}],"wp:term":[{"taxonomy":"category","embeddable":true,"href":"https:\/\/jeffersonisac.adv.br\/index.php\/wp-json\/wp\/v2\/categories?post=15644"},{"taxonomy":"post_tag","embeddable":true,"href":"https:\/\/jeffersonisac.adv.br\/index.php\/wp-json\/wp\/v2\/tags?post=15644"}],"curies":[{"name":"wp","href":"https:\/\/api.w.org\/{rel}","templated":true}]}}