{"id":15645,"date":"2026-03-17T09:25:10","date_gmt":"2026-03-17T12:25:10","guid":{"rendered":"https:\/\/jeffersonisac.adv.br\/index.php\/2026\/03\/17\/comissao-debate-resultados-do-enamed-2025-participe\/"},"modified":"2026-03-17T09:25:10","modified_gmt":"2026-03-17T12:25:10","slug":"comissao-debate-resultados-do-enamed-2025-participe","status":"publish","type":"post","link":"https:\/\/jeffersonisac.adv.br\/index.php\/2026\/03\/17\/comissao-debate-resultados-do-enamed-2025-participe\/","title":{"rendered":"Comiss\u00e3o debate resultados do Enamed 2025; participe"},"content":{"rendered":"<div class=\"image-container\">\n<div class=\"midia-creditos\"><em>Marcelo Camargo\/Ag\u00eancia Brasil<\/em><\/div>\n<div class=\"media-wrapper\"><\/div>\n<div class=\"midia-legenda\">Resultados do Enamed 2025 indicaram desempenho insatisfat\u00f3rio<\/div>\n<\/div>\n<p>A Comiss\u00e3o de Sa\u00fade da C\u00e2mara dos Deputados realiza, nesta ter\u00e7a-feira (17), a continua\u00e7\u00e3o do debate sobre os resultados do 1\u00ba Exame Nacional de Avalia\u00e7\u00e3o da Forma\u00e7\u00e3o M\u00e9dica (Enamed), realizado em 2025. Um outro debate sobre o tema foi realizado na ter\u00e7a-feira (10).<\/p>\n<p>O debate ser\u00e1 realizado \u00e0s 17 horas, no plen\u00e1rio 7.<\/p>\n<p>\u2022 <a href=\"https:\/\/www.camara.leg.br\/evento-legislativo\/81120\">Veja quem foi convidado e envie suas perguntas<\/a><\/p>\n<p>O debate atende a pedido da deputada Adriana Ventura (Novo-SP). Segundo a parlamentar, os resultados consolidados do Enamed 2025 indicaram que parte significativa dos cursos de Medicina participantes apresentou desempenho considerado insatisfat\u00f3rio, o que levou o Minist\u00e9rio da Educa\u00e7\u00e3o a anunciar a abertura de procedimentos de supervis\u00e3o.<\/p>\n<p>Adriana Ventura acrescenta que os dados divulgados exigem uma an\u00e1lise t\u00e9cnica e transparente, especialmente quanto aos impactos na seguran\u00e7a do paciente, na qualidade do cuidado, na organiza\u00e7\u00e3o da for\u00e7a de trabalho e na efetividade das pol\u00edticas p\u00fablicas de sa\u00fade.<\/p>\n<p>\u201cEsses dados demandam an\u00e1lise t\u00e9cnica e transparente por esta Comiss\u00e3o, com foco nos impactos sobre a seguran\u00e7a do paciente, a qualidade do cuidado, a organiza\u00e7\u00e3o da for\u00e7a de trabalho e a efetividade das pol\u00edticas p\u00fablicas de sa\u00fade\u201d, afirma.<\/p>\n<p>\u00a0<\/p>\n<div><\/div>\n<p>\u00a0<\/p>\n<p>\u00a0<\/p>","protected":false},"excerpt":{"rendered":"<p>Marcelo Camargo\/Ag\u00eancia Brasil Resultados do Enamed 2025 indicaram desempenho insatisfat\u00f3rio A Comiss\u00e3o de Sa\u00fade da C\u00e2mara dos Deputados realiza, nesta ter\u00e7a-feira (17), a continua\u00e7\u00e3o do debate sobre os resultados do 1\u00ba Exame Nacional de Avalia\u00e7\u00e3o da Forma\u00e7\u00e3o M\u00e9dica (Enamed), realizado em 2025. Um outro debate sobre o tema foi realizado na ter\u00e7a-feira (10). O debate [&hellip;]<\/p>\n","protected":false},"author":0,"featured_media":0,"comment_status":"open","ping_status":"open","sticky":false,"template":"","format":"standard","meta":{"footnotes":""},"categories":[1],"tags":[],"_links":{"self":[{"href":"https:\/\/jeffersonisac.adv.br\/index.php\/wp-json\/wp\/v2\/posts\/15645"}],"collection":[{"href":"https:\/\/jeffersonisac.adv.br\/index.php\/wp-json\/wp\/v2\/posts"}],"about":[{"href":"https:\/\/jeffersonisac.adv.br\/index.php\/wp-json\/wp\/v2\/types\/post"}],"replies":[{"embeddable":true,"href":"https:\/\/jeffersonisac.adv.br\/index.php\/wp-json\/wp\/v2\/comments?post=15645"}],"version-history":[{"count":0,"href":"https:\/\/jeffersonisac.adv.br\/index.php\/wp-json\/wp\/v2\/posts\/15645\/revisions"}],"wp:attachment":[{"href":"https:\/\/jeffersonisac.adv.br\/index.php\/wp-json\/wp\/v2\/media?parent=15645"}],"wp:term":[{"taxonomy":"category","embeddable":true,"href":"https:\/\/jeffersonisac.adv.br\/index.php\/wp-json\/wp\/v2\/categories?post=15645"},{"taxonomy":"post_tag","embeddable":true,"href":"https:\/\/jeffersonisac.adv.br\/index.php\/wp-json\/wp\/v2\/tags?post=15645"}],"curies":[{"name":"wp","href":"https:\/\/api.w.org\/{rel}","templated":true}]}}