{"id":15646,"date":"2026-03-17T09:25:10","date_gmt":"2026-03-17T12:25:10","guid":{"rendered":"https:\/\/jeffersonisac.adv.br\/index.php\/2026\/03\/17\/comissao-debate-proposta-que-pune-com-mais-rigor-atraso-em-entregas-do-minha-casa-minha-vida\/"},"modified":"2026-03-17T09:25:10","modified_gmt":"2026-03-17T12:25:10","slug":"comissao-debate-proposta-que-pune-com-mais-rigor-atraso-em-entregas-do-minha-casa-minha-vida","status":"publish","type":"post","link":"https:\/\/jeffersonisac.adv.br\/index.php\/2026\/03\/17\/comissao-debate-proposta-que-pune-com-mais-rigor-atraso-em-entregas-do-minha-casa-minha-vida\/","title":{"rendered":"Comiss\u00e3o debate proposta que pune com mais rigor atraso em entregas do Minha Casa, Minha Vida"},"content":{"rendered":"<div class=\"image-container\">\n<div class=\"midia-creditos\"><em>Jo\u00e9dson Alves\/Ag\u00eancia Brasil<\/em><\/div>\n<div class=\"media-wrapper\"><\/div>\n<div class=\"midia-legenda\">Conjunto habitacional<\/div>\n<\/div>\n<p>A Comiss\u00e3o de Desenvolvimento Urbano da C\u00e2mara dos Deputados realiza, nesta ter\u00e7a-feira (17), audi\u00eancia p\u00fablica para debater o Projeto de Lei 4757\/25, que estabelece puni\u00e7\u00f5es mais rigorosas por atrasos injustificados na entrega de empreendimentos habitacionais do Programa Habitacional\u00a0Minha Casa, Minha Vida, e busca acelerar a retomada de obras paralisadas.<\/p>\n<p>O debate ser\u00e1 realizado \u00e0s 16 horas, no plen\u00e1rio 16.<\/p>\n<p><a href=\"https:\/\/www.camara.leg.br\/evento-legislativo\/81087\"> Veja quem foi convidado<\/a><\/p>\n<p>O debate atende a pedido do deputado Hildo Rocha (MDB-MA), que \u00e9 o relator da proposta no colegiado. Segundo o parlamentar, a realiza\u00e7\u00e3o da audi\u00eancia p\u00fablica se justifica pelos reflexos da proposta sobre o planejamento urbano, a fun\u00e7\u00e3o social da cidade e a promo\u00e7\u00e3o do desenvolvimento urbano sustent\u00e1vel.<\/p>\n<p>\u201cO debate t\u00e9cnico e plural permitir\u00e1 o aprofundamento das discuss\u00f5es, a escuta de especialistas e de representantes da sociedade civil, contribuindo para o aperfei\u00e7oamento do texto legislativo e para a tomada de decis\u00e3o consciente por parte dos parlamentares\u201d, afirma.<\/p>","protected":false},"excerpt":{"rendered":"<p>Jo\u00e9dson Alves\/Ag\u00eancia Brasil Conjunto habitacional A Comiss\u00e3o de Desenvolvimento Urbano da C\u00e2mara dos Deputados realiza, nesta ter\u00e7a-feira (17), audi\u00eancia p\u00fablica para debater o Projeto de Lei 4757\/25, que estabelece puni\u00e7\u00f5es mais rigorosas por atrasos injustificados na entrega de empreendimentos habitacionais do Programa Habitacional\u00a0Minha Casa, Minha Vida, e busca acelerar a retomada de obras paralisadas. O [&hellip;]<\/p>\n","protected":false},"author":0,"featured_media":0,"comment_status":"open","ping_status":"open","sticky":false,"template":"","format":"standard","meta":{"footnotes":""},"categories":[1],"tags":[],"_links":{"self":[{"href":"https:\/\/jeffersonisac.adv.br\/index.php\/wp-json\/wp\/v2\/posts\/15646"}],"collection":[{"href":"https:\/\/jeffersonisac.adv.br\/index.php\/wp-json\/wp\/v2\/posts"}],"about":[{"href":"https:\/\/jeffersonisac.adv.br\/index.php\/wp-json\/wp\/v2\/types\/post"}],"replies":[{"embeddable":true,"href":"https:\/\/jeffersonisac.adv.br\/index.php\/wp-json\/wp\/v2\/comments?post=15646"}],"version-history":[{"count":0,"href":"https:\/\/jeffersonisac.adv.br\/index.php\/wp-json\/wp\/v2\/posts\/15646\/revisions"}],"wp:attachment":[{"href":"https:\/\/jeffersonisac.adv.br\/index.php\/wp-json\/wp\/v2\/media?parent=15646"}],"wp:term":[{"taxonomy":"category","embeddable":true,"href":"https:\/\/jeffersonisac.adv.br\/index.php\/wp-json\/wp\/v2\/categories?post=15646"},{"taxonomy":"post_tag","embeddable":true,"href":"https:\/\/jeffersonisac.adv.br\/index.php\/wp-json\/wp\/v2\/tags?post=15646"}],"curies":[{"name":"wp","href":"https:\/\/api.w.org\/{rel}","templated":true}]}}