{"id":15647,"date":"2026-03-17T10:24:22","date_gmt":"2026-03-17T13:24:22","guid":{"rendered":"https:\/\/jeffersonisac.adv.br\/index.php\/2026\/03\/17\/forum-global-barra-retrocessos-em-direitos-para-mulheres-explica-delegada-katarina-veja-a-entrevista\/"},"modified":"2026-03-17T10:24:22","modified_gmt":"2026-03-17T13:24:22","slug":"forum-global-barra-retrocessos-em-direitos-para-mulheres-explica-delegada-katarina-veja-a-entrevista","status":"publish","type":"post","link":"https:\/\/jeffersonisac.adv.br\/index.php\/2026\/03\/17\/forum-global-barra-retrocessos-em-direitos-para-mulheres-explica-delegada-katarina-veja-a-entrevista\/","title":{"rendered":"F\u00f3rum global barra retrocessos em direitos para mulheres, explica Delegada Katarina; veja a entrevista"},"content":{"rendered":"<div class=\"video-container youtube youtube-100\">\n<div class=\"midia-creditos\"><em>YouTube<\/em><\/div>\n\n<div class=\"midia-legenda\"><\/div>\n<\/div>\n<p>\u00a0<\/p>\n<p>\u00a0<\/p>\n<p>Deputadas da bancada feminina da C\u00e2mara dos Deputados participam, em Nova York, da 70\u00aa sess\u00e3o da Comiss\u00e3o sobre a Situa\u00e7\u00e3o da Mulher, f\u00f3rum global sobre igualdade de g\u00eanero. O encontro ocorre entre 9 e 19 de mar\u00e7o.<\/p>\n<p>Em entrevista \u00e0 <em>R\u00e1dio C\u00e2mara<\/em>, na sexta-feira (13), a deputada Delegada Katarina (PSD-SE) informou que foi aprovada uma resolu\u00e7\u00e3o para evitar retrocessos nos direitos das mulheres.<\/p>\n<p>Segundo a parlamentar, o encontro tamb\u00e9m ressaltou a necessidade de ampliar o acesso das mulheres \u00e0 Justi\u00e7a e de refor\u00e7ar o combate \u00e0 viol\u00eancia contra a mulher, especialmente no ambiente digital.<\/p>\n<p><a href=\"https:\/\/www.camara.leg.br\/midias-fs\/audio\/2026\/03\/20260313-painel-eletronico-dep-delegada-katarina.mp3\">Ou\u00e7a a \u00edntegra da entrevista de Delegada Katarina \u00e0 <em>R\u00e1dio C\u00e2mara<\/em><\/a><\/p>\n<p><strong>Participa\u00e7\u00e3o pol\u00edtica<br \/>\n<\/strong>Outro tema em debate \u00e9 a participa\u00e7\u00e3o das mulheres na pol\u00edtica e em espa\u00e7os de decis\u00e3o. Delegada Katarina afirmou que esse \u00e9 um desafio em todo o mundo e citou a realidade brasileira.<\/p>\n<p>&#8220;A gente tem um exemplo muito claro na C\u00e2mara, onde somos menos de 20% de mulheres e, em contrapartida, 44% da produ\u00e7\u00e3o legislativa da C\u00e2mara do nosso pa\u00eds v\u00eam de mulheres, da nossa bancada feminina.&#8221;<\/p>","protected":false},"excerpt":{"rendered":"<p>YouTube \u00a0 \u00a0 Deputadas da bancada feminina da C\u00e2mara dos Deputados participam, em Nova York, da 70\u00aa sess\u00e3o da Comiss\u00e3o sobre a Situa\u00e7\u00e3o da Mulher, f\u00f3rum global sobre igualdade de g\u00eanero. O encontro ocorre entre 9 e 19 de mar\u00e7o. Em entrevista \u00e0 R\u00e1dio C\u00e2mara, na sexta-feira (13), a deputada Delegada Katarina (PSD-SE) informou que [&hellip;]<\/p>\n","protected":false},"author":0,"featured_media":0,"comment_status":"open","ping_status":"open","sticky":false,"template":"","format":"standard","meta":{"footnotes":""},"categories":[1],"tags":[],"_links":{"self":[{"href":"https:\/\/jeffersonisac.adv.br\/index.php\/wp-json\/wp\/v2\/posts\/15647"}],"collection":[{"href":"https:\/\/jeffersonisac.adv.br\/index.php\/wp-json\/wp\/v2\/posts"}],"about":[{"href":"https:\/\/jeffersonisac.adv.br\/index.php\/wp-json\/wp\/v2\/types\/post"}],"replies":[{"embeddable":true,"href":"https:\/\/jeffersonisac.adv.br\/index.php\/wp-json\/wp\/v2\/comments?post=15647"}],"version-history":[{"count":0,"href":"https:\/\/jeffersonisac.adv.br\/index.php\/wp-json\/wp\/v2\/posts\/15647\/revisions"}],"wp:attachment":[{"href":"https:\/\/jeffersonisac.adv.br\/index.php\/wp-json\/wp\/v2\/media?parent=15647"}],"wp:term":[{"taxonomy":"category","embeddable":true,"href":"https:\/\/jeffersonisac.adv.br\/index.php\/wp-json\/wp\/v2\/categories?post=15647"},{"taxonomy":"post_tag","embeddable":true,"href":"https:\/\/jeffersonisac.adv.br\/index.php\/wp-json\/wp\/v2\/tags?post=15647"}],"curies":[{"name":"wp","href":"https:\/\/api.w.org\/{rel}","templated":true}]}}