{"id":15650,"date":"2026-03-17T11:24:54","date_gmt":"2026-03-17T14:24:54","guid":{"rendered":"https:\/\/jeffersonisac.adv.br\/index.php\/2026\/03\/17\/deputado-elogia-legislacao-de-protecao-ao-consumidor-mas-chama-a-atencao-para-golpes-na-internet-ouca-a-entrevista\/"},"modified":"2026-03-17T11:24:54","modified_gmt":"2026-03-17T14:24:54","slug":"deputado-elogia-legislacao-de-protecao-ao-consumidor-mas-chama-a-atencao-para-golpes-na-internet-ouca-a-entrevista","status":"publish","type":"post","link":"https:\/\/jeffersonisac.adv.br\/index.php\/2026\/03\/17\/deputado-elogia-legislacao-de-protecao-ao-consumidor-mas-chama-a-atencao-para-golpes-na-internet-ouca-a-entrevista\/","title":{"rendered":"Deputado elogia legisla\u00e7\u00e3o de prote\u00e7\u00e3o ao consumidor, mas chama a aten\u00e7\u00e3o para golpes na internet; ou\u00e7a a entrevista"},"content":{"rendered":"<div class=\"image-container\">\n<div class=\"midia-creditos\"><em>Vinicius Loures\/C\u00e2mara dos Deputados<\/em><\/div>\n<div class=\"media-wrapper\"><\/div>\n<div class=\"midia-legenda\">Jorge Braz: hoje os consumidores est\u00e3o mais conscientes<\/div>\n<\/div>\n<p>O deputado Jorge Braz (Republicanos-RJ) afirmou, em entrevista \u00e0 <em>R\u00e1dio C\u00e2mara<\/em>, que o Brasil tem um dos melhores sistemas de defesa do consumidor do mundo. Braz \u00e9 ex-presidente do Procon-RJ e integra a Comiss\u00e3o de Defesa do Consumidor da C\u00e2mara dos Deputados.<\/p>\n<p>A entrevista foi concedida nesta segunda-feira (16), um dia ap\u00f3s o Dia Mundial do Consumidor, celebrado em 15 de mar\u00e7o.<\/p>\n<p>Na avalia\u00e7\u00e3o do parlamentar, os consumidores est\u00e3o mais conscientes ap\u00f3s mais de tr\u00eas d\u00e9cadas do <a class=\"linkLegislacao\" href=\"https:\/\/www2.camara.gov.br\/legin\/fed\/lei\/1990\/lei-8078-11-setembro-1990-365086-norma-pl.html\">C\u00f3digo de Defesa do Consumidor<\/a>.<\/p>\n<p>O deputado tamb\u00e9m alertou para golpes em compras pela internet e refor\u00e7ou a necessidade de checar informa\u00e7\u00f5es antes de fornecer dados pessoais ou fazer pagamentos.<\/p>\n<p><a href=\"https:\/\/www.camara.leg.br\/midias-fs\/audio\/2026\/03\/20260316-painel-eletronico-dep-jorge-braz.mp3\">Ou\u00e7a a \u00edntegra da entrevista de Jorge Braz \u00e0 <em>R\u00e1dio C\u00e2mara<\/em><\/a><\/p>\n<p>\u201cO Brasil hoje tem o melhor sistema de defesa do consumidor do mundo. Claro que as coisas erradas acabam sendo mais f\u00e1ceis de serem feitas do que as coisas justas e equilibradas. Mas hoje n\u00f3s temos condi\u00e7\u00f5es excelentes de verifica\u00e7\u00f5es. O Banco Central tem trabalhado bastante em rela\u00e7\u00e3o ao sistema banc\u00e1rio e ao sistema financeiro para que haja prote\u00e7\u00e3o efetiva dentro desse contexto [de golpes],\u201d disse.<\/p>","protected":false},"excerpt":{"rendered":"<p>Vinicius Loures\/C\u00e2mara dos Deputados Jorge Braz: hoje os consumidores est\u00e3o mais conscientes O deputado Jorge Braz (Republicanos-RJ) afirmou, em entrevista \u00e0 R\u00e1dio C\u00e2mara, que o Brasil tem um dos melhores sistemas de defesa do consumidor do mundo. Braz \u00e9 ex-presidente do Procon-RJ e integra a Comiss\u00e3o de Defesa do Consumidor da C\u00e2mara dos Deputados. A [&hellip;]<\/p>\n","protected":false},"author":0,"featured_media":0,"comment_status":"open","ping_status":"open","sticky":false,"template":"","format":"standard","meta":{"footnotes":""},"categories":[1],"tags":[],"_links":{"self":[{"href":"https:\/\/jeffersonisac.adv.br\/index.php\/wp-json\/wp\/v2\/posts\/15650"}],"collection":[{"href":"https:\/\/jeffersonisac.adv.br\/index.php\/wp-json\/wp\/v2\/posts"}],"about":[{"href":"https:\/\/jeffersonisac.adv.br\/index.php\/wp-json\/wp\/v2\/types\/post"}],"replies":[{"embeddable":true,"href":"https:\/\/jeffersonisac.adv.br\/index.php\/wp-json\/wp\/v2\/comments?post=15650"}],"version-history":[{"count":0,"href":"https:\/\/jeffersonisac.adv.br\/index.php\/wp-json\/wp\/v2\/posts\/15650\/revisions"}],"wp:attachment":[{"href":"https:\/\/jeffersonisac.adv.br\/index.php\/wp-json\/wp\/v2\/media?parent=15650"}],"wp:term":[{"taxonomy":"category","embeddable":true,"href":"https:\/\/jeffersonisac.adv.br\/index.php\/wp-json\/wp\/v2\/categories?post=15650"},{"taxonomy":"post_tag","embeddable":true,"href":"https:\/\/jeffersonisac.adv.br\/index.php\/wp-json\/wp\/v2\/tags?post=15650"}],"curies":[{"name":"wp","href":"https:\/\/api.w.org\/{rel}","templated":true}]}}