{"id":15651,"date":"2026-03-17T12:25:17","date_gmt":"2026-03-17T15:25:17","guid":{"rendered":"https:\/\/jeffersonisac.adv.br\/index.php\/2026\/03\/17\/agronegocio-lanca-agenda-legislativa-para-2026\/"},"modified":"2026-03-17T12:25:17","modified_gmt":"2026-03-17T15:25:17","slug":"agronegocio-lanca-agenda-legislativa-para-2026","status":"publish","type":"post","link":"https:\/\/jeffersonisac.adv.br\/index.php\/2026\/03\/17\/agronegocio-lanca-agenda-legislativa-para-2026\/","title":{"rendered":"Agroneg\u00f3cio lan\u00e7a agenda legislativa para 2026"},"content":{"rendered":"<div class=\"video-container youtube youtube-100\">\n<div class=\"midia-creditos\"><em>YouTube<\/em><\/div>\n\n<div class=\"midia-legenda\"><\/div>\n<\/div>\n<p>Uma sess\u00e3o solene na C\u00e2mara dos Deputados marcou o lan\u00e7amento da Agenda Legislativa do Agroneg\u00f3cio para 2026 com projetos em an\u00e1lise de interesse do agroneg\u00f3cio.<\/p>\n<p>O agroneg\u00f3cio representa cerca de 20% do Produto Interno Bruto (<span class=\"termoGlossario\">PIB<\/span>) e 50% das exporta\u00e7\u00f5es brasileiras. Por isso, todos os anos, a Confedera\u00e7\u00e3o da Agricultura e Pecu\u00e1ria do Brasil (CNA) lan\u00e7a, no Congresso Nacional, a agenda legislativa do setor.<\/p>\n<p>O deputado Pedro Lupion (Republicanos-PR), presidente da <span class=\"termoGlossario\">Frente Parlamentar<\/span> da Agropecu\u00e1ria, afirmou que a parceria com a CNA ajuda a avan\u00e7ar em solu\u00e7\u00f5es para o setor. &#8220;[A parceria nos possibilita] <span class=\"yt-core-attributed-string yt-core-attributed-string--link-inherit-color\">entender quais as demandas [do setor] e, principalmente, <\/span>reagir na prote\u00e7\u00e3o e na defesa intransigente do produtor rural brasileiro.&#8221;<\/p>\n<p><strong>Seguran\u00e7a jur\u00eddica e competitividade<\/strong><br \/>\nA senadora Teresa Cristina (PP-MS), ex-ministra da Agricultura, explicou que a agenda est\u00e1 dividida em dois eixos principais: seguran\u00e7a jur\u00eddica e ambiente de neg\u00f3cios; e competitividade e mercado internacional.<\/p>\n<p><strong>Demarca\u00e7\u00e3o de terras e sucess\u00e3o<\/strong><br \/>\nUm dos autores do requerimento para a realiza\u00e7\u00e3o da sess\u00e3o solene, o deputado Evair Vieira de Melo (PP-ES), citou projetos em tramita\u00e7\u00e3o na C\u00e2mara que foram inclu\u00eddos na Agenda do Agro, entre eles, os sobre demarca\u00e7\u00e3o de terras, invas\u00f5es de terras, ajuste fiscal e expans\u00e3o da infraestrutura.<\/p>\n<div class=\"ytwTimelineItemViewModelContentItems\"><span class=\"yt-core-attributed-string yt-core-attributed-string--link-inherit-color\">&#8220;N\u00f3s precisamos simplificar e desburocratizar cada dia mais para que ferrovias, rodovias e armazenagem possam chegar pr\u00f3ximo ao <\/span>produtor&#8221;, afirmou.<\/div>\n<p>Um dos projetos inclu\u00eddos nessa lista de prioridade \u00e9 de autoria do deputado Z\u00e9 Silva (Solidariedade-MG) e cria uma pol\u00edtica nacional de juventude e de sucess\u00e3o no campo.<\/p>\n<p>&#8220;As pessoas que moram na ro\u00e7a j\u00e1 est\u00e3o todas acima de 50 anos. E \u00e9 preciso que o governo federal, n\u00f3s aqui, deputados e senadores, tenhamos medidas para incentivar o jovem a ficar no campo&#8221;, resumiu Silva.<\/p>","protected":false},"excerpt":{"rendered":"<p>YouTube Uma sess\u00e3o solene na C\u00e2mara dos Deputados marcou o lan\u00e7amento da Agenda Legislativa do Agroneg\u00f3cio para 2026 com projetos em an\u00e1lise de interesse do agroneg\u00f3cio. O agroneg\u00f3cio representa cerca de 20% do Produto Interno Bruto (PIB) e 50% das exporta\u00e7\u00f5es brasileiras. Por isso, todos os anos, a Confedera\u00e7\u00e3o da Agricultura e Pecu\u00e1ria do Brasil [&hellip;]<\/p>\n","protected":false},"author":0,"featured_media":0,"comment_status":"open","ping_status":"open","sticky":false,"template":"","format":"standard","meta":{"footnotes":""},"categories":[1],"tags":[],"_links":{"self":[{"href":"https:\/\/jeffersonisac.adv.br\/index.php\/wp-json\/wp\/v2\/posts\/15651"}],"collection":[{"href":"https:\/\/jeffersonisac.adv.br\/index.php\/wp-json\/wp\/v2\/posts"}],"about":[{"href":"https:\/\/jeffersonisac.adv.br\/index.php\/wp-json\/wp\/v2\/types\/post"}],"replies":[{"embeddable":true,"href":"https:\/\/jeffersonisac.adv.br\/index.php\/wp-json\/wp\/v2\/comments?post=15651"}],"version-history":[{"count":0,"href":"https:\/\/jeffersonisac.adv.br\/index.php\/wp-json\/wp\/v2\/posts\/15651\/revisions"}],"wp:attachment":[{"href":"https:\/\/jeffersonisac.adv.br\/index.php\/wp-json\/wp\/v2\/media?parent=15651"}],"wp:term":[{"taxonomy":"category","embeddable":true,"href":"https:\/\/jeffersonisac.adv.br\/index.php\/wp-json\/wp\/v2\/categories?post=15651"},{"taxonomy":"post_tag","embeddable":true,"href":"https:\/\/jeffersonisac.adv.br\/index.php\/wp-json\/wp\/v2\/tags?post=15651"}],"curies":[{"name":"wp","href":"https:\/\/api.w.org\/{rel}","templated":true}]}}