{"id":15656,"date":"2026-03-17T13:25:16","date_gmt":"2026-03-17T16:25:16","guid":{"rendered":"https:\/\/jeffersonisac.adv.br\/index.php\/2026\/03\/17\/parlamentares-lancam-agenda-legislativa-para-fortalecer-as-entidades-de-previdencia-complementar\/"},"modified":"2026-03-17T13:25:16","modified_gmt":"2026-03-17T16:25:16","slug":"parlamentares-lancam-agenda-legislativa-para-fortalecer-as-entidades-de-previdencia-complementar","status":"publish","type":"post","link":"https:\/\/jeffersonisac.adv.br\/index.php\/2026\/03\/17\/parlamentares-lancam-agenda-legislativa-para-fortalecer-as-entidades-de-previdencia-complementar\/","title":{"rendered":"Parlamentares lan\u00e7am agenda legislativa para fortalecer as entidades de previd\u00eancia complementar"},"content":{"rendered":"<div class=\"video-container youtube youtube-100\">\n<div class=\"midia-creditos\"><em>YouTube<\/em><\/div>\n\n<div class=\"midia-legenda\"><\/div>\n<\/div>\n<p>\u00a0<\/p>\n<div class=\"style-scope ytd-macro-markers-list-renderer\">\n<div class=\" style-scope ytd-item-section-renderer style-scope ytd-item-section-renderer\">\n<div class=\"ytwTimelineItemViewModelContentItems\"><span class=\"yt-core-attributed-string yt-core-attributed-string--link-inherit-color\">Deputados e senadores lan\u00e7aram a agenda legislativa da <span class=\"termoGlossario\">Frente Parlamentar<\/span> Mista pelo Fortalecimento das Entidades Fechadas de Previd\u00eancia Complementar. O objetivo \u00e9 ampliar a prote\u00e7\u00e3o dos trabalhadores por meio da previd\u00eancia complementar.<br \/>\n<\/span><br \/>\nA deputada Erika Kokay (PT-DF) falou do movimento suprapartid\u00e1rio em defesa dos trabalhadores: &#8220;N\u00f3s estamos trabalhando \u00e0 frente na constru\u00e7\u00e3o das micropens\u00f5es para que segmentos que s\u00e3o mais vulnerabilizados possam ter acesso a uma previd\u00eancia complementar, que haja uma complementa\u00e7\u00e3o dos benef\u00edcios a partir da contribui\u00e7\u00e3o mensal desses trabalhadores.&#8221;<\/div>\n<p>A frente ser\u00e1 presidida pelo deputado Tadeu Veneri (PT-PR). &#8220;N\u00f3s estamos falando de pessoas que chegam aos 70 anos, 80 anos, e \u00e0s vezes n\u00e3o t\u00eam nenhuma renda e dependem de familiares&#8221;, disse.<\/p>\n<div class=\"ytwTimelineItemViewModelContentItems\">\n<div class=\"ytwTranscriptSegmentViewModelTimestampA11yLabel\">Segundo o parlamentar, o objetivo da frente \u00e9 listar os projetos que dizem respeito \u00e0 previd\u00eancia complementar e incentivar os brasileiros a pouparem. &#8220;Queremos fazer com que as pessoas no Brasil inteiro comecem a ter mais o h\u00e1bito de poupar para o futuro&#8221;, afirmou.<\/div>\n<\/div>\n<\/div>\n<\/div>","protected":false},"excerpt":{"rendered":"<p>YouTube \u00a0 Deputados e senadores lan\u00e7aram a agenda legislativa da Frente Parlamentar Mista pelo Fortalecimento das Entidades Fechadas de Previd\u00eancia Complementar. O objetivo \u00e9 ampliar a prote\u00e7\u00e3o dos trabalhadores por meio da previd\u00eancia complementar. A deputada Erika Kokay (PT-DF) falou do movimento suprapartid\u00e1rio em defesa dos trabalhadores: &#8220;N\u00f3s estamos trabalhando \u00e0 frente na constru\u00e7\u00e3o das [&hellip;]<\/p>\n","protected":false},"author":0,"featured_media":0,"comment_status":"open","ping_status":"open","sticky":false,"template":"","format":"standard","meta":{"footnotes":""},"categories":[1],"tags":[],"_links":{"self":[{"href":"https:\/\/jeffersonisac.adv.br\/index.php\/wp-json\/wp\/v2\/posts\/15656"}],"collection":[{"href":"https:\/\/jeffersonisac.adv.br\/index.php\/wp-json\/wp\/v2\/posts"}],"about":[{"href":"https:\/\/jeffersonisac.adv.br\/index.php\/wp-json\/wp\/v2\/types\/post"}],"replies":[{"embeddable":true,"href":"https:\/\/jeffersonisac.adv.br\/index.php\/wp-json\/wp\/v2\/comments?post=15656"}],"version-history":[{"count":0,"href":"https:\/\/jeffersonisac.adv.br\/index.php\/wp-json\/wp\/v2\/posts\/15656\/revisions"}],"wp:attachment":[{"href":"https:\/\/jeffersonisac.adv.br\/index.php\/wp-json\/wp\/v2\/media?parent=15656"}],"wp:term":[{"taxonomy":"category","embeddable":true,"href":"https:\/\/jeffersonisac.adv.br\/index.php\/wp-json\/wp\/v2\/categories?post=15656"},{"taxonomy":"post_tag","embeddable":true,"href":"https:\/\/jeffersonisac.adv.br\/index.php\/wp-json\/wp\/v2\/tags?post=15656"}],"curies":[{"name":"wp","href":"https:\/\/api.w.org\/{rel}","templated":true}]}}