{"id":15660,"date":"2026-03-17T15:27:39","date_gmt":"2026-03-17T18:27:39","guid":{"rendered":"https:\/\/jeffersonisac.adv.br\/index.php\/2026\/03\/17\/especialistas-defendem-a-clinica-medica-como-pilar-para-reduzir-custos-e-filas-no-sus\/"},"modified":"2026-03-17T15:27:39","modified_gmt":"2026-03-17T18:27:39","slug":"especialistas-defendem-a-clinica-medica-como-pilar-para-reduzir-custos-e-filas-no-sus","status":"publish","type":"post","link":"https:\/\/jeffersonisac.adv.br\/index.php\/2026\/03\/17\/especialistas-defendem-a-clinica-medica-como-pilar-para-reduzir-custos-e-filas-no-sus\/","title":{"rendered":"Especialistas defendem a cl\u00ednica m\u00e9dica como pilar para reduzir custos e filas no SUS"},"content":{"rendered":"<div class=\"image-container\">\n<div class=\"midia-creditos\"><em>Renato Ara\u00fajo \/ C\u00e2mara dos Deputados<\/em><\/div>\n<div class=\"media-wrapper\"><\/div>\n<div class=\"midia-legenda\">Luiz Ovando: &#8220;O cl\u00ednico \u00e9 o melhor caminho para evitar gastos desnecess\u00e1rios com exames&#8221;<\/div>\n<\/div>\n<p>A Comiss\u00e3o de Sa\u00fade da C\u00e2mara dos Deputados debateu, nesta ter\u00e7a-feira (17), estrat\u00e9gias para a valoriza\u00e7\u00e3o da cl\u00ednica m\u00e9dica no Brasil. O debate, solicitado pelo deputado Dr. Luiz Ovando (PP-MS), reuniu representantes de sociedades m\u00e9dicas e conselhos profissionais que foram un\u00e2nimes em apontar a especialidade como o \u201ceixo integrador\u201d capaz de tornar o Sistema \u00danico de Sa\u00fade (SUS) mais eficiente e menos oneroso.<\/p>\n<p>Para Dr. Luiz Ovando, existe uma distor\u00e7\u00e3o cultural e pol\u00edtica que privilegia a busca direta por especialistas focais, o que gera desperd\u00edcio de recursos e fragmenta o cuidado.<\/p>\n<p>\u201cO paciente muitas vezes procura o especialista antes de qualquer coisa. Isso gera um gasto de dinheiro desnecess\u00e1rio. O cl\u00ednico \u00e9 o melhor caminho para influenciarmos as decis\u00f5es pol\u00edticas e evitarmos que o Estado gaste com exames que, muitas vezes, n\u00e3o resolvem o problema na ponta\u201d, afirmou o parlamentar.<\/p>\n<p>Segundo ele, o debate na comiss\u00e3o buscou refor\u00e7ar a necessidade de pol\u00edticas p\u00fablicas que reposicionem a cl\u00ednica m\u00e9dica no sistema de sa\u00fade.<\/p>\n<p>\u201c\u00c9 preciso estabelecer uma pol\u00edtica nacional de valoriza\u00e7\u00e3o do cl\u00ednico dentro do contexto da pol\u00edtica de sa\u00fade\u201d, acrescentou.<\/p>\n<div class=\"image-container\">\n<div class=\"midia-creditos\"><em>Renato Ara\u00fajo \/ C\u00e2mara dos Deputados<\/em><\/div>\n<div class=\"media-wrapper\"><\/div>\n<div class=\"midia-legenda\">Viviane Peterle: &#8220;Quando a cl\u00ednica m\u00e9dica \u00e9 fortalecida, diagn\u00f3stico acontece mais cedo&#8221;<\/div>\n<\/div>\n<p><strong>Vis\u00e3o integral<br \/>\n<\/strong>A presidente da Sociedade Brasileira de Cl\u00ednica M\u00e9dica de Bras\u00edlia, Viviane Peterle, ressaltou que a fragmenta\u00e7\u00e3o do cuidado \u2014 quando o paciente \u00e9 visto apenas por \u00f3rg\u00e3os ou sistemas isolados \u2014 encarece o sistema e dificulta o diagn\u00f3stico adequado.<\/p>\n<p>\u201cA cl\u00ednica m\u00e9dica \u00e9 a \u00e1rea dedicada a compreender o paciente como um todo. Quando ela est\u00e1 fortalecida, o diagn\u00f3stico acontece mais cedo e o tratamento se torna mais eficiente\u201d, explicou.<\/p>\n<p>Peterle destacou ainda que mudan\u00e7as demogr\u00e1ficas, como o envelhecimento da popula\u00e7\u00e3o e o aumento das doen\u00e7as cr\u00f4nicas, tornam o papel do cl\u00ednico ainda mais relevante.<\/p>\n<p>\u201cHoje temos uma popula\u00e7\u00e3o que envelhece com m\u00faltiplas doen\u00e7as. O cl\u00ednico \u00e9 o profissional que consegue integrar esse cuidado e organizar o tratamento do paciente\u201d, afirmou.<\/p>\n<div class=\"image-container\">\n<div class=\"midia-creditos\"><em>Renato Ara\u00fajo\/C\u00e2mara dos Deputados<\/em><\/div>\n<div class=\"media-wrapper\"><\/div>\n<div class=\"midia-legenda\">Osmar Terra criticou cursos de medicina sem qualidade<\/div>\n<\/div>\n<p><strong>Crise na forma\u00e7\u00e3o<br \/>\n<\/strong>Outro ponto central da audi\u00eancia foi a preocupa\u00e7\u00e3o com a qualidade da forma\u00e7\u00e3o m\u00e9dica no pa\u00eds. O diretor cient\u00edfico da Associa\u00e7\u00e3o M\u00e9dica Brasileira, Jos\u00e9 Eduardo Lutaif Dolci, afirmou que o sistema enfrenta gargalos importantes na forma\u00e7\u00e3o de novos profissionais.<\/p>\n<p>\u201cHoje temos dois grandes problemas: falta de professores qualificados nas escolas m\u00e9dicas e falta de campos de est\u00e1gio adequados. A resid\u00eancia m\u00e9dica acaba sendo a \u00faltima oportunidade de formar um m\u00e9dico competente para atender a popula\u00e7\u00e3o\u201d, alertou.<\/p>\n<p>O deputado Osmar Terra (PL-RS) tamb\u00e9m criticou a expans\u00e3o acelerada de cursos de medicina. Para ele, a abertura indiscriminada de faculdades compromete a qualidade do atendimento.<\/p>\n<p>\u201cEstamos vivendo um descalabro. O programa Mais M\u00e9dicos virou uma linha de produ\u00e7\u00e3o de faculdades \u2018ca\u00e7a-n\u00edqueis\u2019 que n\u00e3o t\u00eam corpo docente. N\u00e3o podemos submeter a popula\u00e7\u00e3o a uma medicina desqualificada\u201d, afirmou.<\/p>\n<p><strong>Falta de especialistas<br \/>\n<\/strong>O representante do Conselho Federal de Medicina, Carlos Magno Dalapicola, apresentou dados sobre a situa\u00e7\u00e3o da especialidade no pa\u00eds. Segundo ele, embora a cl\u00ednica m\u00e9dica seja a \u00e1rea com maior n\u00famero de profissionais, ainda h\u00e1 dificuldades para atrair novos m\u00e9dicos.<\/p>\n<p>\u201cHoje temos cerca de 40 mil m\u00e9dicos especialistas em cl\u00ednica m\u00e9dica no Brasil. Mesmo assim, cerca de 16% das vagas de resid\u00eancia na \u00e1rea est\u00e3o ociosas, o que \u00e9 preocupante para o futuro do sistema de sa\u00fade\u201d, afirmou.<\/p>\n<p>Ele destacou que o cl\u00ednico \u00e9 capaz de resolver grande parte dos problemas de sa\u00fade da popula\u00e7\u00e3o. \u201cCom uma boa forma\u00e7\u00e3o, o cl\u00ednico consegue resolver cerca de 60% dos problemas na pr\u00e1tica di\u00e1ria. O restante exige a atua\u00e7\u00e3o de especialistas\u201d, explicou.<\/p>\n<div class=\"image-container\">\n<div class=\"midia-creditos\"><em>Renato Ara\u00fajo\/C\u00e2mara dos Deputados<\/em><\/div>\n<div class=\"media-wrapper\"><\/div>\n<div class=\"midia-legenda\">Carlos Magno Dalapicola: 16% das vagas para resid\u00eancia em cl\u00ednica m\u00e9dica ficam ociosas<\/div>\n<\/div>\n<p><strong>Efici\u00eancia e economia<br \/>\n<\/strong>O presidente da Sociedade de Cl\u00ednica M\u00e9dica de Santa Catarina, Fernando Otto, destacou o papel do cl\u00ednico nas unidades de emerg\u00eancia e no funcionamento dos hospitais.<\/p>\n<p>\u201cEntre 70% e 80% dos atendimentos de emerg\u00eancia s\u00e3o problemas cl\u00ednicos. O cl\u00ednico junta as pe\u00e7as do quebra-cabe\u00e7a e enxerga o paciente como um todo\u201d, afirmou. Para ele, investir nesse profissional \u00e9 tamb\u00e9m uma estrat\u00e9gia de gest\u00e3o p\u00fablica.<\/p>\n<p>\u201cO item mais caro da medicina \u00e9 a caneta do m\u00e9dico. O m\u00e9dico inseguro pede tomografia de corpo inteiro porque n\u00e3o sabe fazer o exame f\u00edsico. Pagar bem o cl\u00ednico na porta da emerg\u00eancia \u00e9 o maior programa de economia que um gestor pode implementar\u201d, disse.<\/p>\n<p>Na mesma linha, o diretor da Sociedade Brasileira de Cl\u00ednica M\u00e9dica, Pedro Barros, defendeu que o cl\u00ednico deve ser o coordenador do cuidado do paciente.<\/p>\n<p>\u201cO paciente n\u00e3o precisa de v\u00e1rios m\u00e9dicos desconectados. Precisa de um cl\u00ednico que o entenda, acompanhe e organize o tratamento. Nenhum sistema de sa\u00fade ser\u00e1 eficiente se n\u00e3o tiver um cl\u00ednico forte e valorizado no centro do cuidado\u201d, afirmou.<\/p>\n<p><strong>Organiza\u00e7\u00e3o do cuidado<br \/>\n<\/strong>O presidente da Academia de Medicina de Bras\u00edlia, Eduardo Freire Vasconcelos, ressaltou que a cl\u00ednica m\u00e9dica \u00e9 a base de todas as especialidades m\u00e9dicas.<\/p>\n<p>\u201cA cl\u00ednica m\u00e9dica \u00e9 a espinha dorsal do racioc\u00ednio m\u00e9dico. Ela atua como ponte entre o sintoma e o diagn\u00f3stico definitivo, integrando o cuidado do paciente dentro de um sistema complexo como o SUS\u201d, afirmou.<\/p>\n<p>Segundo ele, sem essa coordena\u00e7\u00e3o o sistema tende a se tornar mais caro e menos eficiente. \u201cSem um cl\u00ednico forte, a assist\u00eancia especializada torna-se cara, ineficiente e desconectada\u201d, concluiu.<\/p>\n<p><strong>Encaminhamento<br \/>\n<\/strong>Ao final da reuni\u00e3o, Dr. Luiz Ovando reiterou a necessidade de fortalecer a resid\u00eancia m\u00e9dica e criar pol\u00edticas que incentivem a atua\u00e7\u00e3o do cl\u00ednico no sistema p\u00fablico de sa\u00fade.<\/p>\n<p>As sugest\u00f5es apresentadas na audi\u00eancia dever\u00e3o subsidiar propostas legislativas e recomenda\u00e7\u00f5es ao Minist\u00e9rio da Sa\u00fade para refor\u00e7ar o papel da cl\u00ednica m\u00e9dica na organiza\u00e7\u00e3o da assist\u00eancia no pa\u00eds.<\/p>","protected":false},"excerpt":{"rendered":"<p>Renato Ara\u00fajo \/ C\u00e2mara dos Deputados Luiz Ovando: &#8220;O cl\u00ednico \u00e9 o melhor caminho para evitar gastos desnecess\u00e1rios com exames&#8221; A Comiss\u00e3o de Sa\u00fade da C\u00e2mara dos Deputados debateu, nesta ter\u00e7a-feira (17), estrat\u00e9gias para a valoriza\u00e7\u00e3o da cl\u00ednica m\u00e9dica no Brasil. O debate, solicitado pelo deputado Dr. Luiz Ovando (PP-MS), reuniu representantes de sociedades m\u00e9dicas [&hellip;]<\/p>\n","protected":false},"author":0,"featured_media":0,"comment_status":"open","ping_status":"open","sticky":false,"template":"","format":"standard","meta":{"footnotes":""},"categories":[1],"tags":[],"_links":{"self":[{"href":"https:\/\/jeffersonisac.adv.br\/index.php\/wp-json\/wp\/v2\/posts\/15660"}],"collection":[{"href":"https:\/\/jeffersonisac.adv.br\/index.php\/wp-json\/wp\/v2\/posts"}],"about":[{"href":"https:\/\/jeffersonisac.adv.br\/index.php\/wp-json\/wp\/v2\/types\/post"}],"replies":[{"embeddable":true,"href":"https:\/\/jeffersonisac.adv.br\/index.php\/wp-json\/wp\/v2\/comments?post=15660"}],"version-history":[{"count":0,"href":"https:\/\/jeffersonisac.adv.br\/index.php\/wp-json\/wp\/v2\/posts\/15660\/revisions"}],"wp:attachment":[{"href":"https:\/\/jeffersonisac.adv.br\/index.php\/wp-json\/wp\/v2\/media?parent=15660"}],"wp:term":[{"taxonomy":"category","embeddable":true,"href":"https:\/\/jeffersonisac.adv.br\/index.php\/wp-json\/wp\/v2\/categories?post=15660"},{"taxonomy":"post_tag","embeddable":true,"href":"https:\/\/jeffersonisac.adv.br\/index.php\/wp-json\/wp\/v2\/tags?post=15660"}],"curies":[{"name":"wp","href":"https:\/\/api.w.org\/{rel}","templated":true}]}}