{"id":15662,"date":"2026-03-17T15:27:40","date_gmt":"2026-03-17T18:27:40","guid":{"rendered":"https:\/\/jeffersonisac.adv.br\/index.php\/2026\/03\/17\/deputado-pede-analise-em-separado-do-porte-de-arma-para-fiscais-agropecuarios\/"},"modified":"2026-03-17T15:27:40","modified_gmt":"2026-03-17T18:27:40","slug":"deputado-pede-analise-em-separado-do-porte-de-arma-para-fiscais-agropecuarios","status":"publish","type":"post","link":"https:\/\/jeffersonisac.adv.br\/index.php\/2026\/03\/17\/deputado-pede-analise-em-separado-do-porte-de-arma-para-fiscais-agropecuarios\/","title":{"rendered":"Deputado pede an\u00e1lise em separado do porte de arma para fiscais agropecu\u00e1rios"},"content":{"rendered":"<div class=\"image-container\">\n<div class=\"midia-creditos\"><em>Renato Ara\u00fajo \/ C\u00e2mara dos Deputados<\/em><\/div>\n<div class=\"media-wrapper\"><\/div>\n<div class=\"midia-legenda\">Audi\u00eancia na Comiss\u00e3o de Seguran\u00e7a P\u00fablica da C\u00e2mara<\/div>\n<\/div>\n<p>O deputado Capit\u00e3o Alden (PL-BA) apresentou requerimento para fazer com que o Projeto de Lei 4631\/25, que trata do porte de arma de fiscais agropecu\u00e1rios seja analisado separadamente. Hoje, o projeto est\u00e1 sendo analisado em conjunto com outras 281 propostas semelhantes (PL 3722\/12) e o deputado acredita que isso pode tornar a vota\u00e7\u00e3o mais complexa.<\/p>\n<p>O deputado solicitou audi\u00eancia p\u00fablica para tratar do projeto na Comiss\u00e3o de Seguran\u00e7a P\u00fablica e Combate ao Crime Organizado, e praticamente todos os participantes defenderam a mudan\u00e7a no <a href=\"https:\/\/www2.camara.leg.br\/legin\/fed\/lei\/2003\/lei-10826-22-dezembro-2003-490580-norma-pl.html\">Estatuto do Desarmamento<\/a>.<\/p>\n<p>Capit\u00e3o Alden explicou a necessidade da medida:\u00a0\u201cEstamos falando de servidores que n\u00e3o apenas fiscalizam, mas tamb\u00e9m enfrentam diretamente estruturas de com\u00e9rcio ilegal e organiza\u00e7\u00f5es criminosas, at\u00e9 mesmo transnacionais. Em diversas opera\u00e7\u00f5es, al\u00e9m de produtos irregulares, tamb\u00e9m foram encontradas drogas, armas e outros crimes associados\u201d, disse.<\/p>\n<p><strong>Fronteiras<\/strong><br \/>\nHenrique Pedro Dias, diretor do Sindicato Nacional dos Auditores Fiscais Federais Agropecu\u00e1rios, disse que os fiscais participam de atividades de intelig\u00eancia e de vigil\u00e2ncia de fronteiras junto com outros agentes que t\u00eam porte de arma. Nesta situa\u00e7\u00e3o, segundo ele, os fiscais acabam dificultando as opera\u00e7\u00f5es.<\/p>\n<p>\u201cAl\u00e9m do que, a gente acaba sendo, muitas vezes, um peso para as equipes que precisam sempre colocar ali dois ou mais policiais somente para fazer a nossa seguran\u00e7a\u201d, disse.<\/p>\n<p>Dias informou que o programa Vigifronteiras j\u00e1 fiscalizou 309 estabelecimentos com a apreens\u00e3o de 12 mil toneladas de produtos. Ele citou v\u00e1rios casos de agress\u00f5es contra os fiscais agropecu\u00e1rios nestas fiscaliza\u00e7\u00f5es. Ainda este m\u00eas, um servidor da defesa agropecu\u00e1ria do Par\u00e1 foi assassinado em servi\u00e7o.<\/p>","protected":false},"excerpt":{"rendered":"<p>Renato Ara\u00fajo \/ C\u00e2mara dos Deputados Audi\u00eancia na Comiss\u00e3o de Seguran\u00e7a P\u00fablica da C\u00e2mara O deputado Capit\u00e3o Alden (PL-BA) apresentou requerimento para fazer com que o Projeto de Lei 4631\/25, que trata do porte de arma de fiscais agropecu\u00e1rios seja analisado separadamente. Hoje, o projeto est\u00e1 sendo analisado em conjunto com outras 281 propostas semelhantes [&hellip;]<\/p>\n","protected":false},"author":0,"featured_media":0,"comment_status":"open","ping_status":"open","sticky":false,"template":"","format":"standard","meta":{"footnotes":""},"categories":[1],"tags":[],"_links":{"self":[{"href":"https:\/\/jeffersonisac.adv.br\/index.php\/wp-json\/wp\/v2\/posts\/15662"}],"collection":[{"href":"https:\/\/jeffersonisac.adv.br\/index.php\/wp-json\/wp\/v2\/posts"}],"about":[{"href":"https:\/\/jeffersonisac.adv.br\/index.php\/wp-json\/wp\/v2\/types\/post"}],"replies":[{"embeddable":true,"href":"https:\/\/jeffersonisac.adv.br\/index.php\/wp-json\/wp\/v2\/comments?post=15662"}],"version-history":[{"count":0,"href":"https:\/\/jeffersonisac.adv.br\/index.php\/wp-json\/wp\/v2\/posts\/15662\/revisions"}],"wp:attachment":[{"href":"https:\/\/jeffersonisac.adv.br\/index.php\/wp-json\/wp\/v2\/media?parent=15662"}],"wp:term":[{"taxonomy":"category","embeddable":true,"href":"https:\/\/jeffersonisac.adv.br\/index.php\/wp-json\/wp\/v2\/categories?post=15662"},{"taxonomy":"post_tag","embeddable":true,"href":"https:\/\/jeffersonisac.adv.br\/index.php\/wp-json\/wp\/v2\/tags?post=15662"}],"curies":[{"name":"wp","href":"https:\/\/api.w.org\/{rel}","templated":true}]}}