{"id":15663,"date":"2026-03-17T16:25:57","date_gmt":"2026-03-17T19:25:57","guid":{"rendered":"https:\/\/jeffersonisac.adv.br\/index.php\/2026\/03\/17\/comissao-aprova-projeto-que-preve-prisao-imediata-do-agressor-que-descumpre-medida-protetiva\/"},"modified":"2026-03-17T16:25:57","modified_gmt":"2026-03-17T19:25:57","slug":"comissao-aprova-projeto-que-preve-prisao-imediata-do-agressor-que-descumpre-medida-protetiva","status":"publish","type":"post","link":"https:\/\/jeffersonisac.adv.br\/index.php\/2026\/03\/17\/comissao-aprova-projeto-que-preve-prisao-imediata-do-agressor-que-descumpre-medida-protetiva\/","title":{"rendered":"Comiss\u00e3o aprova projeto que prev\u00ea pris\u00e3o imediata do agressor que descumpre medida protetiva"},"content":{"rendered":"<div class=\"image-container\">\n<div class=\"midia-creditos\"><em>Michel Jesus \/ C\u00e2mara dos Deputados<\/em><\/div>\n<div class=\"media-wrapper\"><\/div>\n<div class=\"midia-legenda\">Marangoni: descumprimento de medidas cautelares torna v\u00edtimas ainda mais vulner\u00e1veis<\/div>\n<\/div>\n<p>A Comiss\u00e3o de Constitui\u00e7\u00e3o e Justi\u00e7a e de Cidadania da C\u00e2mara dos Deputados aprovou nesta ter\u00e7a-feira (17) projeto de lei que determina a pris\u00e3o preventiva de quem descumpre medidas cautelares relacionadas \u00e0 viol\u00eancia dom\u00e9stica ou familiar contra mulher, crian\u00e7a, adolescente, idoso, enfermo ou pessoa com defici\u00eancia. A proposta segue para o Plen\u00e1rio.<\/p>\n<p>Segundo o texto, a medida cautelar dever\u00e1 ser substitu\u00edda por pris\u00e3o em caso de desobedi\u00eancia ao uso correto da tornozeleira eletr\u00f4nica ou \u00e0 ordem de manter dist\u00e2ncia da v\u00edtima de viol\u00eancia. A proposta altera <a href=\"https:\/\/www2.camara.leg.br\/legin\/fed\/declei\/1940-1949\/decreto-lei-3689-3-outubro-1941-322206-norma-pe.html\">C\u00f3digo de Processo Penal<\/a> e a <a href=\"https:\/\/www2.camara.leg.br\/legin\/fed\/lei\/1980-1987\/lei-7210-11-julho-1984-356938-norma-pl.html\">Lei de Execu\u00e7\u00e3o Penal<\/a>.<\/p>\n<p>Por recomenda\u00e7\u00e3o do relator, deputado Marangoni (Uni\u00e3o-SP), a CCJ aprovou o <span class=\"termoGlossario\">substitutivo<\/span> da Comiss\u00e3o de Seguran\u00e7a P\u00fablica e Combate ao Crime Organizado para o Projeto de Lei 5125\/23, do deputado Aureo Ribeiro (Solidariedade-RJ). O novo texto corrige apenas aspectos de t\u00e9cnica legislativa.<\/p>\n<p>\u201cO descumprimento das medidas cautelares por parte dos ofensores torna as v\u00edtimas ainda mais vulner\u00e1veis, fazendo-as passar, inclusive, por uma situa\u00e7\u00e3o de revitimiza\u00e7\u00e3o, pois ter\u00e3o sua integridade f\u00edsica e ps\u00edquica amea\u00e7adas de nova viola\u00e7\u00e3o\u201d, pontuou Marangoni.<\/p>\n<p>Na justificativa que acompanha o projeto original, Ribeiro cita diversos casos em que medidas protetivas s\u00e3o instauradas e deliberadamente desrespeitadas.<\/p>\n<p><a href=\"https:\/\/www.camara.leg.br\/noticias\/573454-SAIBA-MAIS-SOBRE-A-TRAMITACAO-DE-PROJETOS-DE-LEI\">Saiba mais sobre a tramita\u00e7\u00e3o de projetos de lei<\/a><\/p>","protected":false},"excerpt":{"rendered":"<p>Michel Jesus \/ C\u00e2mara dos Deputados Marangoni: descumprimento de medidas cautelares torna v\u00edtimas ainda mais vulner\u00e1veis A Comiss\u00e3o de Constitui\u00e7\u00e3o e Justi\u00e7a e de Cidadania da C\u00e2mara dos Deputados aprovou nesta ter\u00e7a-feira (17) projeto de lei que determina a pris\u00e3o preventiva de quem descumpre medidas cautelares relacionadas \u00e0 viol\u00eancia dom\u00e9stica ou familiar contra mulher, crian\u00e7a, [&hellip;]<\/p>\n","protected":false},"author":0,"featured_media":0,"comment_status":"open","ping_status":"open","sticky":false,"template":"","format":"standard","meta":{"footnotes":""},"categories":[1],"tags":[],"_links":{"self":[{"href":"https:\/\/jeffersonisac.adv.br\/index.php\/wp-json\/wp\/v2\/posts\/15663"}],"collection":[{"href":"https:\/\/jeffersonisac.adv.br\/index.php\/wp-json\/wp\/v2\/posts"}],"about":[{"href":"https:\/\/jeffersonisac.adv.br\/index.php\/wp-json\/wp\/v2\/types\/post"}],"replies":[{"embeddable":true,"href":"https:\/\/jeffersonisac.adv.br\/index.php\/wp-json\/wp\/v2\/comments?post=15663"}],"version-history":[{"count":0,"href":"https:\/\/jeffersonisac.adv.br\/index.php\/wp-json\/wp\/v2\/posts\/15663\/revisions"}],"wp:attachment":[{"href":"https:\/\/jeffersonisac.adv.br\/index.php\/wp-json\/wp\/v2\/media?parent=15663"}],"wp:term":[{"taxonomy":"category","embeddable":true,"href":"https:\/\/jeffersonisac.adv.br\/index.php\/wp-json\/wp\/v2\/categories?post=15663"},{"taxonomy":"post_tag","embeddable":true,"href":"https:\/\/jeffersonisac.adv.br\/index.php\/wp-json\/wp\/v2\/tags?post=15663"}],"curies":[{"name":"wp","href":"https:\/\/api.w.org\/{rel}","templated":true}]}}