{"id":15664,"date":"2026-03-17T16:25:57","date_gmt":"2026-03-17T19:25:57","guid":{"rendered":"https:\/\/jeffersonisac.adv.br\/index.php\/2026\/03\/17\/debatedores-cobram-combate-ao-capacitismo-e-adaptacao-real-para-pessoas-com-sindrome-de-down\/"},"modified":"2026-03-17T16:25:57","modified_gmt":"2026-03-17T19:25:57","slug":"debatedores-cobram-combate-ao-capacitismo-e-adaptacao-real-para-pessoas-com-sindrome-de-down","status":"publish","type":"post","link":"https:\/\/jeffersonisac.adv.br\/index.php\/2026\/03\/17\/debatedores-cobram-combate-ao-capacitismo-e-adaptacao-real-para-pessoas-com-sindrome-de-down\/","title":{"rendered":"Debatedores cobram combate ao capacitismo e &#8216;adapta\u00e7\u00e3o real&#8217; para pessoas com s\u00edndrome de Down"},"content":{"rendered":"<div class=\"image-container\">\n<div class=\"midia-creditos\"><em>Renato Ara\u00fajo \/ C\u00e2mara dos Deputados<\/em><\/div>\n<div class=\"media-wrapper\"><\/div>\n<div class=\"midia-legenda\">Audi\u00eancia debateu formas de inclus\u00e3o para pessoas com s\u00edndrome de Down<\/div>\n<\/div>\n<p class=\"mb-2 whitespace-pre-wrap\">Representantes do Minist\u00e9rio P\u00fablico e de organiza\u00e7\u00f5es civis cobraram nesta ter\u00e7a-feira (17) o fim do capacitismo e a adapta\u00e7\u00e3o real de escolas e empresas para garantir a inclus\u00e3o de pessoas com s\u00edndrome de Down. O debate, promovido pela Comiss\u00e3o de Defesa dos Direitos das Pessoas com Defici\u00eancia, marcou o Dia Internacional da S\u00edndrome de Down.<\/p>\n<p class=\"mb-2 whitespace-pre-wrap\">Os debatedores destacaram tamb\u00e9m que a lei que prev\u00ea a contrata\u00e7\u00e3o m\u00ednima de pessoas com defici\u00eancia em empresas com mais de 100 empregados (Lei <a href=\"https:\/\/www2.camara.leg.br\/legin\/fed\/lei\/1991\/lei-8213-24-julho-1991-363650-normaatualizada-pl.html\">8213\/91<\/a>), sozinha, n\u00e3o basta para assegurar cidadania plena.<\/p>\n<p class=\"mb-2 whitespace-pre-wrap\">Para a procuradora do Trabalho Tha\u00edssa Leite, o setor privado precisa rever suas estrat\u00e9gias de recrutamento, questionando se as empresas investem de fato na contrata\u00e7\u00e3o ou se apenas publicam an\u00fancios para evitar san\u00e7\u00f5es.<\/p>\n<p class=\"mb-2 whitespace-pre-wrap\">Leite defendeu o emprego como instrumento de empoderamento e autonomia para pessoas com s\u00edndrome de Down, alertando que a aus\u00eancia de adapta\u00e7\u00f5es no ambiente corporativo \u00e9 grave. Segundo ela, &#8220;a falta de recursos de acessibilidade \u00e9 um fator que pode caracterizar, sim, discrimina\u00e7\u00e3o; inclusive \u00e9 potencialmente um cen\u00e1rio de ass\u00e9dio moral&#8221;.<\/p>\n<p class=\"mb-2 whitespace-pre-wrap\"><strong>Protagonismo<br \/>\n<\/strong>A presidente do Instituto \u00c1pice Down, Jana\u00edna Parente, refor\u00e7ou a cr\u00edtica \u00e0 vis\u00e3o assistencialista e defendeu que a inclus\u00e3o real exige protagonismo. &#8220;Inclus\u00e3o n\u00e3o \u00e9 colocar uma pessoa com defici\u00eancia na sala de aula ou numa empresa s\u00f3 para cumprir uma cota&#8221;, disse.<\/p>\n<p class=\"mb-2 whitespace-pre-wrap\">Para Jana\u00edna, \u00e9 fundamental garantir acesso \u00e0 educa\u00e7\u00e3o de qualidade e ao trabalho por meio de uma &#8220;capacita\u00e7\u00e3o verdadeira, n\u00e3o com caridade disfar\u00e7ada&#8221;. Ela destacou o impacto do preconceito na trajet\u00f3ria dessas pessoas, afirmando que o &#8220;capacitismo mata os sonhos deles antes mesmo de eles nascerem&#8221; e que pessoas com S\u00edndrome de Down buscam direitos e oportunidades, n\u00e3o piedade.<\/p>\n<div class=\"image-container\">\n<div class=\"midia-creditos\"><em>Renato Ara\u00fajo \/ C\u00e2mara dos Deputados<\/em><\/div>\n<div class=\"media-wrapper\"><\/div>\n<div class=\"midia-legenda\">Jana\u00edna cobrou &#8220;capacita\u00e7\u00e3o verdadeira&#8221; para pessoas com S\u00edndrome de Down<\/div>\n<\/div>\n<p class=\"mb-2 whitespace-pre-wrap\"><strong>Mudan\u00e7a de paradigma<br \/>\n<\/strong>A deputada Erika Kokay (PT-DF) defendeu a ado\u00e7\u00e3o de uma avalia\u00e7\u00e3o biopsicossocial da defici\u00eancia, criticando barreiras impostas pela sociedade e pedindo inclus\u00e3o plena, inclusive no lazer escolar. &#8220;N\u00e3o \u00e9 o cromossomo que d\u00e1 a \u00faltima palavra; a \u00faltima palavra tem que ser dada pelas nossas potencialidades&#8221;, afirmou.<\/p>\n<p>O deputado Rodrigo Rollemberg (PSB-DF), que solicitou a audi\u00eancia, reconheceu os avan\u00e7os legislativos no Brasil e a import\u00e2ncia da Conven\u00e7\u00e3o da ONU sobre os Direitos das Pessoas com Defici\u00eancia. No entanto, o parlamentar ressaltou que o pa\u00eds ainda enfrenta &#8220;desafios enormes de implementa\u00e7\u00e3o&#8221; para que as garantias legais saiam do papel.<\/p>\n<p class=\"mb-2 whitespace-pre-wrap\"><strong>Adequa\u00e7\u00e3o do sistema<br \/>\n<\/strong>A presidente da Federa\u00e7\u00e3o Brasileira das Associa\u00e7\u00f5es de S\u00edndrome de Down, Cleonice Bohn, defendeu a inclus\u00e3o escolar em classes comuns como um direito inegoci\u00e1vel e base para a futura inser\u00e7\u00e3o no mercado. Segundo a dirigente, a sociedade precisa abandonar o capacitismo e focar na reestrutura\u00e7\u00e3o das institui\u00e7\u00f5es. &#8220;Ela [a pessoa com defici\u00eancia] n\u00e3o tem que se adequar a nada. Quem tem que se adequar s\u00e3o os espa\u00e7os onde elas precisam estar&#8221;, argumentou.<\/p>\n<p class=\"mb-2 whitespace-pre-wrap\">Cleonice alertou para a necessidade de vigil\u00e2ncia contra propostas legislativas que representem retrocessos e celebrou avan\u00e7os na sa\u00fade, como o acesso ao imunizante <em>Palivizumab<\/em>, que serve para proteger beb\u00eas vulner\u00e1veis (como os com T21) de infec\u00e7\u00f5es pulmonares graves e potencialmente fatais.<\/p>\n<div class=\"image-container\">\n<div class=\"midia-creditos\"><em>Renato Ara\u00fajo \/ C\u00e2mara dos Deputados<\/em><\/div>\n<div class=\"media-wrapper\"><\/div>\n<div class=\"midia-legenda\">Giordana Garcia: &#8220;Inclus\u00e3o n\u00e3o \u00e9 favor, inclus\u00e3o \u00e9 direito&#8221;<\/div>\n<\/div>\n<p class=\"mb-2 whitespace-pre-wrap\"><strong>Mudan\u00e7a de olhar<br \/>\n<\/strong>A necessidade de transformar a percep\u00e7\u00e3o social sobre a defici\u00eancia intelectual foi defendida pela representante da APAE Brasil, T\u00e2mara Soares. Ela sustentou que a sociedade deve enxergar indiv\u00edduos por suas habilidades, e n\u00e3o pelos estigmas. &#8220;O melhor caminho que temos \u00e9 a educa\u00e7\u00e3o social acima de todas as coisas, onde as pessoas s\u00e3o vistas pelas suas capacidades e potencialidades&#8221;, argumentou.<\/p>\n<p class=\"mb-2 whitespace-pre-wrap\">A presidente do Instituto MoT21, Giordana Garcia, enfatizou que a inclus\u00e3o deve superar a ret\u00f3rica e se basear em pol\u00edticas que acompanhem o desenvolvimento da pessoa ao longo da vida, citando a urg\u00eancia do suporte para o &#8220;duplo diagn\u00f3stico&#8221;, como T21 associado ao autismo. Ao combater a infantiliza\u00e7\u00e3o das pessoas com S\u00edndrome de Down, ela resumiu a demanda por acesso pleno \u00e0 sa\u00fade e educa\u00e7\u00e3o: &#8220;Inclus\u00e3o n\u00e3o \u00e9 favor, inclus\u00e3o \u00e9 direito&#8221;.<\/p>","protected":false},"excerpt":{"rendered":"<p>Renato Ara\u00fajo \/ C\u00e2mara dos Deputados Audi\u00eancia debateu formas de inclus\u00e3o para pessoas com s\u00edndrome de Down Representantes do Minist\u00e9rio P\u00fablico e de organiza\u00e7\u00f5es civis cobraram nesta ter\u00e7a-feira (17) o fim do capacitismo e a adapta\u00e7\u00e3o real de escolas e empresas para garantir a inclus\u00e3o de pessoas com s\u00edndrome de Down. O debate, promovido pela [&hellip;]<\/p>\n","protected":false},"author":0,"featured_media":0,"comment_status":"open","ping_status":"open","sticky":false,"template":"","format":"standard","meta":{"footnotes":""},"categories":[1],"tags":[],"_links":{"self":[{"href":"https:\/\/jeffersonisac.adv.br\/index.php\/wp-json\/wp\/v2\/posts\/15664"}],"collection":[{"href":"https:\/\/jeffersonisac.adv.br\/index.php\/wp-json\/wp\/v2\/posts"}],"about":[{"href":"https:\/\/jeffersonisac.adv.br\/index.php\/wp-json\/wp\/v2\/types\/post"}],"replies":[{"embeddable":true,"href":"https:\/\/jeffersonisac.adv.br\/index.php\/wp-json\/wp\/v2\/comments?post=15664"}],"version-history":[{"count":0,"href":"https:\/\/jeffersonisac.adv.br\/index.php\/wp-json\/wp\/v2\/posts\/15664\/revisions"}],"wp:attachment":[{"href":"https:\/\/jeffersonisac.adv.br\/index.php\/wp-json\/wp\/v2\/media?parent=15664"}],"wp:term":[{"taxonomy":"category","embeddable":true,"href":"https:\/\/jeffersonisac.adv.br\/index.php\/wp-json\/wp\/v2\/categories?post=15664"},{"taxonomy":"post_tag","embeddable":true,"href":"https:\/\/jeffersonisac.adv.br\/index.php\/wp-json\/wp\/v2\/tags?post=15664"}],"curies":[{"name":"wp","href":"https:\/\/api.w.org\/{rel}","templated":true}]}}