{"id":15666,"date":"2026-03-17T17:25:59","date_gmt":"2026-03-17T20:25:59","guid":{"rendered":"https:\/\/jeffersonisac.adv.br\/index.php\/2026\/03\/17\/especialistas-defendem-equipes-multidisciplinares-no-atendimento-a-pessoas-com-autismo\/"},"modified":"2026-03-17T17:25:59","modified_gmt":"2026-03-17T20:25:59","slug":"especialistas-defendem-equipes-multidisciplinares-no-atendimento-a-pessoas-com-autismo","status":"publish","type":"post","link":"https:\/\/jeffersonisac.adv.br\/index.php\/2026\/03\/17\/especialistas-defendem-equipes-multidisciplinares-no-atendimento-a-pessoas-com-autismo\/","title":{"rendered":"Especialistas defendem equipes multidisciplinares no atendimento a pessoas com autismo"},"content":{"rendered":"<div class=\"image-container\">\n<div class=\"midia-creditos\"><em>Vinicius Loures \/ C\u00e2mara dos Deputados<\/em><\/div>\n<div class=\"media-wrapper\"><\/div>\n<div class=\"midia-legenda\">Marangoni vai propor cria\u00e7\u00e3o de Conselho Nacional do TEA<\/div>\n<\/div>\n<p>A Comiss\u00e3o Especial da C\u00e2mara dos Deputados que analisa o <a class=\"linkProposicao\" href=\"https:\/\/www.camara.leg.br\/noticias\/1247110-projeto-cria-politica-nacional-dos-direitos-da-pessoa-com-autismo\">Projeto de Lei 3080\/20<\/a>, que cria uma pol\u00edtica nacional para pessoas com transtorno do espectro autista (TEA), reuniu especialistas nesta ter\u00e7a-feira (17) para debater o assunto.<\/p>\n<p>A representante do Conselho Federal de Fisioterapia e Terapia Ocupacional, Keis N\u00f3brega, defendeu a inclus\u00e3o expl\u00edcita no texto da terapia ocupacional, que, segundo ela, \u00e9 fundamental para promover autonomia nas atividades do dia a dia.<\/p>\n<p>\u201cO autismo exige assist\u00eancia integrada. Nenhuma abordagem isolada consegue abranger todos os campos de interven\u00e7\u00e3o\u201d, afirmou.<\/p>\n<p>A vice-presidente da Associa\u00e7\u00e3o Brasileira de Autismo (Abra), Keise N\u00f3brega, apresentou quatro prioridades para a pol\u00edtica nacional:<\/p>\n<p>acesso a neurologistas e equipes multidisciplinares pelo Sistema \u00danico de Sa\u00fade (SUS);<br \/>\neduca\u00e7\u00e3o inclusiva com profissionais de apoio e materiais adaptados;<br \/>\ninclus\u00e3o de jovens e adultos no mercado de trabalho;<br \/>\natendimento espec\u00edfico para pessoas com autismo idosas.<\/p>\n<p>O vereador de Bag\u00e9 (RS) Jo\u00e3o Schardosim, que se define como pai at\u00edpico, pediu apoio psicol\u00f3gico \u00e0s m\u00e3es.\u00a0\u201cAs m\u00e3es est\u00e3o implorando socorro. Muitas precisam deixar o emprego para cuidar dos filhos e n\u00e3o t\u00eam suporte financeiro ou emocional\u201d, relatou.<\/p>\n<p>A deputada Maria Rosas (Republicanos-SP), que presidiu a reuni\u00e3o, disse que a integra\u00e7\u00e3o entre sa\u00fade, educa\u00e7\u00e3o e sociedade civil \u00e9 essencial para atender \u00e0s necessidades das fam\u00edlias.<\/p>\n<p>O relator da proposta, deputado Marangoni (Uni\u00e3o-SP), afirmou que o parecer final deve priorizar o apoio \u00e0s fam\u00edlias.<\/p>\n<p>Ele sugeriu a cria\u00e7\u00e3o de um Conselho Nacional do TEA, com participa\u00e7\u00e3o da sociedade civil, para fiscalizar as pol\u00edticas p\u00fablicas e garantir recursos para os munic\u00edpios.<\/p>\n<p><strong>A\u00e7\u00f5es do Minist\u00e9rio da Sa\u00fade<br \/>\n<\/strong>O diretor do Departamento de Aten\u00e7\u00e3o Especializada e Tem\u00e1tica do Minist\u00e9rio da Sa\u00fade, Artur Melo, informou que o minist\u00e9rio implementa um projeto da Organiza\u00e7\u00e3o Mundial da Sa\u00fade (OMS) para treinar cuidadores.<\/p>\n<p>Ele destacou o uso do Projeto Terap\u00eautico Singular, que adapta o atendimento \u00e0s necessidades de cada pessoa e fam\u00edlia. Tamb\u00e9m reconheceu falta de profissionais, como terapeutas ocupacionais e fonoaudi\u00f3logos, principalmente no interior do pa\u00eds.<\/p>\n<p>\u00a0<\/p>\n<div><\/div>\n<p>\u00a0<\/p>","protected":false},"excerpt":{"rendered":"<p>Vinicius Loures \/ C\u00e2mara dos Deputados Marangoni vai propor cria\u00e7\u00e3o de Conselho Nacional do TEA A Comiss\u00e3o Especial da C\u00e2mara dos Deputados que analisa o Projeto de Lei 3080\/20, que cria uma pol\u00edtica nacional para pessoas com transtorno do espectro autista (TEA), reuniu especialistas nesta ter\u00e7a-feira (17) para debater o assunto. A representante do Conselho [&hellip;]<\/p>\n","protected":false},"author":0,"featured_media":0,"comment_status":"open","ping_status":"open","sticky":false,"template":"","format":"standard","meta":{"footnotes":""},"categories":[1],"tags":[],"_links":{"self":[{"href":"https:\/\/jeffersonisac.adv.br\/index.php\/wp-json\/wp\/v2\/posts\/15666"}],"collection":[{"href":"https:\/\/jeffersonisac.adv.br\/index.php\/wp-json\/wp\/v2\/posts"}],"about":[{"href":"https:\/\/jeffersonisac.adv.br\/index.php\/wp-json\/wp\/v2\/types\/post"}],"replies":[{"embeddable":true,"href":"https:\/\/jeffersonisac.adv.br\/index.php\/wp-json\/wp\/v2\/comments?post=15666"}],"version-history":[{"count":0,"href":"https:\/\/jeffersonisac.adv.br\/index.php\/wp-json\/wp\/v2\/posts\/15666\/revisions"}],"wp:attachment":[{"href":"https:\/\/jeffersonisac.adv.br\/index.php\/wp-json\/wp\/v2\/media?parent=15666"}],"wp:term":[{"taxonomy":"category","embeddable":true,"href":"https:\/\/jeffersonisac.adv.br\/index.php\/wp-json\/wp\/v2\/categories?post=15666"},{"taxonomy":"post_tag","embeddable":true,"href":"https:\/\/jeffersonisac.adv.br\/index.php\/wp-json\/wp\/v2\/tags?post=15666"}],"curies":[{"name":"wp","href":"https:\/\/api.w.org\/{rel}","templated":true}]}}