{"id":15667,"date":"2026-03-17T17:25:59","date_gmt":"2026-03-17T20:25:59","guid":{"rendered":"https:\/\/jeffersonisac.adv.br\/index.php\/2026\/03\/17\/projeto-estende-salario-maternidade-a-avos-e-irmaos-em-caso-de-morte-da-mae\/"},"modified":"2026-03-17T17:25:59","modified_gmt":"2026-03-17T20:25:59","slug":"projeto-estende-salario-maternidade-a-avos-e-irmaos-em-caso-de-morte-da-mae","status":"publish","type":"post","link":"https:\/\/jeffersonisac.adv.br\/index.php\/2026\/03\/17\/projeto-estende-salario-maternidade-a-avos-e-irmaos-em-caso-de-morte-da-mae\/","title":{"rendered":"Projeto estende sal\u00e1rio-maternidade a av\u00f3s e irm\u00e3os em caso de morte da m\u00e3e"},"content":{"rendered":"<div class=\"image-container\">\n<div class=\"midia-creditos\"><em>Zeca Ribeiro<\/em><\/div>\n<div class=\"media-wrapper\"><\/div>\n<div class=\"midia-legenda\">Duda Ramos, autor da proposta<\/div>\n<\/div>\n<p class=\"mb-2 whitespace-pre-wrap\">O Projeto de Lei 6746\/25 amplia a cobertura do sal\u00e1rio-maternidade para garantir o pagamento do benef\u00edcio a av\u00f3s, bisav\u00f3s ou irm\u00e3os maiores de idade que assumam a responsabilidade pela crian\u00e7a em caso de falecimento da m\u00e3e. A proposta est\u00e1 em an\u00e1lise na C\u00e2mara dos Deputados.<\/p>\n<p class=\"mb-2 whitespace-pre-wrap\">Atualmente, a legisla\u00e7\u00e3o prev\u00ea a transfer\u00eancia do benef\u00edcio prioritariamente ao c\u00f4njuge ou companheiro sobrevivente. O novo texto estende esse direito a outros familiares pr\u00f3ximos, desde que detenham a guarda, tutela ou curatela reconhecida judicialmente.<\/p>\n<p class=\"mb-2 whitespace-pre-wrap\"><strong>Regras para o recebimento<br \/>\n<\/strong>Pelo projeto, o benef\u00edcio ser\u00e1 pago pelo tempo restante a que a m\u00e3e teria direito originalmente. Os novos benefici\u00e1rios eleg\u00edveis s\u00e3o classificados como ascendentes, no caso de av\u00f3s e bisav\u00f3s da crian\u00e7a; ou descendentes, os irm\u00e3os maiores de idade da crian\u00e7a (inclusive de relacionamentos anteriores da m\u00e3e).<\/p>\n<p class=\"mb-2 whitespace-pre-wrap\">O texto estabelece que o pagamento n\u00e3o poder\u00e1 ser acumulado (apenas um respons\u00e1vel receber\u00e1) e dever\u00e1 ser feito preferencialmente em conta banc\u00e1ria do titular da guarda.<\/p>\n<p class=\"mb-2 whitespace-pre-wrap\"><strong>Justificativa<br \/>\n<\/strong>O autor, deputado Duda Ramos (MDB-RR), argumenta que a legisla\u00e7\u00e3o atual deixa desamparadas as estruturas familiares em que n\u00e3o h\u00e1 a figura do c\u00f4njuge, muito comum em fam\u00edlias monoparentais.<\/p>\n<p class=\"mb-2 whitespace-pre-wrap\">\u201cA falta de previs\u00e3o legal expressa gera inseguran\u00e7a jur\u00eddica e dificulta o acesso ao benef\u00edcio, obrigando familiares a ingressarem na Justi\u00e7a para assegurar recursos m\u00ednimos \u00e0 subsist\u00eancia do rec\u00e9m-nascido\u201d, afirma o autor.<\/p>\n<p class=\"mb-2 whitespace-pre-wrap\">Segundo o parlamentar, muitas vezes a responsabilidade recai sobre av\u00f3s ou irm\u00e3os mais velhos de forma imediata. O projeto visa evitar burocracia e garantir recursos para a crian\u00e7a \u00f3rf\u00e3 em um momento cr\u00edtico, reconhecendo a realidade das fam\u00edlias brasileiras.<\/p>\n<p class=\"mb-2 whitespace-pre-wrap\"><strong>Pr\u00f3ximos passos<br \/>\n<\/strong>A proposta, que tramita em <span class=\"termoGlossario\">car\u00e1ter conclusivo<\/span>, ser\u00e1 analisada pelas comiss\u00f5es de Previd\u00eancia, Assist\u00eancia Social, Inf\u00e2ncia, Adolesc\u00eancia e Fam\u00edlia; de Finan\u00e7as e Tributa\u00e7\u00e3o; e de Constitui\u00e7\u00e3o e Justi\u00e7a e de Cidadania.<\/p>\n<p><a href=\"https:\/\/www.camara.leg.br\/noticias\/573454-SAIBA-MAIS-SOBRE-A-TRAMITACAO-DE-PROJETOS-DE-LEI\">Saiba mais sobre a tramita\u00e7\u00e3o de projetos de lei<\/a><\/p>","protected":false},"excerpt":{"rendered":"<p>Zeca Ribeiro Duda Ramos, autor da proposta O Projeto de Lei 6746\/25 amplia a cobertura do sal\u00e1rio-maternidade para garantir o pagamento do benef\u00edcio a av\u00f3s, bisav\u00f3s ou irm\u00e3os maiores de idade que assumam a responsabilidade pela crian\u00e7a em caso de falecimento da m\u00e3e. A proposta est\u00e1 em an\u00e1lise na C\u00e2mara dos Deputados. Atualmente, a legisla\u00e7\u00e3o [&hellip;]<\/p>\n","protected":false},"author":0,"featured_media":0,"comment_status":"open","ping_status":"open","sticky":false,"template":"","format":"standard","meta":{"footnotes":""},"categories":[1],"tags":[],"_links":{"self":[{"href":"https:\/\/jeffersonisac.adv.br\/index.php\/wp-json\/wp\/v2\/posts\/15667"}],"collection":[{"href":"https:\/\/jeffersonisac.adv.br\/index.php\/wp-json\/wp\/v2\/posts"}],"about":[{"href":"https:\/\/jeffersonisac.adv.br\/index.php\/wp-json\/wp\/v2\/types\/post"}],"replies":[{"embeddable":true,"href":"https:\/\/jeffersonisac.adv.br\/index.php\/wp-json\/wp\/v2\/comments?post=15667"}],"version-history":[{"count":0,"href":"https:\/\/jeffersonisac.adv.br\/index.php\/wp-json\/wp\/v2\/posts\/15667\/revisions"}],"wp:attachment":[{"href":"https:\/\/jeffersonisac.adv.br\/index.php\/wp-json\/wp\/v2\/media?parent=15667"}],"wp:term":[{"taxonomy":"category","embeddable":true,"href":"https:\/\/jeffersonisac.adv.br\/index.php\/wp-json\/wp\/v2\/categories?post=15667"},{"taxonomy":"post_tag","embeddable":true,"href":"https:\/\/jeffersonisac.adv.br\/index.php\/wp-json\/wp\/v2\/tags?post=15667"}],"curies":[{"name":"wp","href":"https:\/\/api.w.org\/{rel}","templated":true}]}}